{"id":57599,"date":"2025-09-26T19:34:39","date_gmt":"2025-09-26T16:34:39","guid":{"rendered":"https:\/\/www.egemtv.com\/?p=57599"},"modified":"2025-09-26T19:34:40","modified_gmt":"2025-09-26T16:34:40","slug":"uluslararasi-32nci-mugla-kultur-ve-sanat-senligi-basliyor","status":"publish","type":"post","link":"https:\/\/www.egemtv.com\/?p=57599","title":{"rendered":"Uluslararas\u0131 32\u2019nci Mu\u011fla K\u00fclt\u00fcr ve Sanat \u015eenli\u011fi ba\u015fl\u0131yor"},"content":{"rendered":"<p>Mu\u011fla B\u00fcy\u00fck\u015fehir Belediyesi ve Mente\u015fe Belediyesi i\u015f birli\u011finde bu y\u0131l 32\u2019incisi d\u00fczenlenecek olan Uluslararas\u0131 Mu\u011fla K\u00fclt\u00fcr ve Sanat \u015eenli\u011fi ba\u015fl\u0131yor. \u015eenlik kapsam\u0131nda Cumhuriyet Gazetesi \u00f6d\u00fcl t\u00f6reni, Karaba\u011flar Yayla Kavun Yar\u0131\u015fmas\u0131, Mu\u011fla Lezzetleri co\u011frafi \u00fcr\u00fcnlerin tan\u0131t\u0131m\u0131, sergiler, konserler, s\u00f6yle\u015fi ve kitap imza g\u00fcnleri, \u00e7ocuk etkinlikleri (sinema ve tiyatro g\u00f6sterileri), at\u00f6lye \u00e7al\u0131\u015fmalar\u0131 ger\u00e7ekle\u015ftirilecek.<br \/>\n<br \/>3 Ekim Cuma G\u00fcn\u00fc saat: 10.00\u2019da Kur\u015funlu Meydan\u0131\u2019nda co\u011frafi i\u015faretli \u00fcr\u00fcnlerin tan\u0131t\u0131m\u0131, K\u0131\u015fla Park\u0131\u2019nda \u00e7ocuk etkinlikleri ve S\u0131n\u0131rs\u0131zl\u0131k Meydan\u0131\u2019ndaki yerel yazarlar\u0131n kitap sergisi ile ba\u015flayacak olan \u015fenli\u011fin resmi a\u00e7\u0131l\u0131\u015f t\u00f6reni, 17.30\u2019da Mu\u011fla B\u00fcy\u00fck\u015fehir Belediyesi Bah\u00e7esi\u2019nde (m\u00fcze \u00f6n\u00fc) yap\u0131lacak. \u015eenlik 3 g\u00fcn s\u00fcrecek.<br \/>\n<br \/>\u015eenlik Program\u0131<br \/>\n<br \/>3 Ekim Cuma<br \/>\n<br \/>10.00- 12.00 &#8211; Mu\u011fla Co\u011frafi \u0130\u015faretli \u00dcr\u00fcnlerin \u00d6nemi ve Tan\u0131t\u0131m\u0131<br \/>\n<br \/>Moderat\u00f6r Tamer \u00d6zkan &#8211; Panel &#8211; Kur\u015funlu Meydan\u0131 \u0130nsan Haklar\u0131 ve Demokrasi Park\u0131<br \/>\n<br \/>14.00 &#8211; Mu\u011fla Lezzetleri Festivali &#8211; At\u00f6lyeler<br \/>\n<br \/>\u015eef Tamer \u00d6zkan, \u015eef Ey\u00fcp Kemal Sevin\u00e7, \u015eef Aziz Asrorov &#8211; Kur\u015funlu Meydan\u0131 \u0130nsan Haklar\u0131 ve Demokrasi Park\u0131<br \/>\n<br \/>15.00 &#8211; Mu\u011fla Lezzetleri Festivali &#8211; At\u00f6lyeler<br \/>\n<br \/>\u015eef Hazer Amani, \u015eef Do\u011fa \u00c7it\u00e7i, \u015eef Renato &#8211; Kur\u015funlu Meydan\u0131 \u0130nsan Haklar\u0131 ve Demokrasi Park\u0131<br \/>\n<br \/>10.00 &#8211; 18.00 &#8211; \u00c7ocuk Etkinlikleri &#8211; K\u0131\u015fla Park\u0131<br \/>\n<br \/>10.00 &#8211; Kitap Sergisi (Yerel Yazarlar) &#8211; S\u0131n\u0131rs\u0131zl\u0131k Meydan\u0131<br \/>\n<br \/>14.00- M\u00fcfit Karzek Eyl\u00fcl I\u015f\u0131\u011f\u0131 Resim Sergisi &#8211; Neyzen Mustafa Kemal G\u00fcng\u00f6r ile m\u00fczik ile<br \/>\n<br \/>Sekiba\u015f\u0131 Hamam\u0131<br \/>\n<br \/>15.00 &#8211; 16.30 &#8211; \u0130smail Zorba S\u00f6yle\u015fi &amp; \u0130mza &#8211; Mu\u011fla Yollar\u0131nda \u0130nsan Sesleri &#8211; Konakalt\u0131 \u0130skender Alper K\u00fclt\u00fcr Merkezi<br \/>\n<br \/>Hamdi Top\u00e7uo\u011flu S\u00f6yle\u015fi &amp; \u0130mza &#8211; Zaman\u0131n S\u0131rlad\u0131\u011f\u0131 Karya &#8211;   Konakalt\u0131 \u0130skender Alper K\u00fclt\u00fcr Merkezi<br \/>\n<br \/>17.30 &#8211; A\u00e7\u0131l\u0131\u015f T\u00f6reni, Konu\u015fmalar ve \u015eenlik Y\u00fcr\u00fcy\u00fc\u015f\u00fc &#8211; Mu\u011fla B\u00fcy\u00fck\u015fehir Belediyesi Bah\u00e7esi<br \/>\n<br \/>20.00 &#8211; Mente\u015fe Belediyesi ile Moldova Cumhuriyeti \u00c7ad\u0131r Lunga Belediyesi aras\u0131nda \u2018\u0130yi Niyet Mektubu \u0130mza T\u00f6reni\u2019, \u2018Kad\u0131nca Dans Toplulu\u011fu G\u00f6sterisi\u2019 &#8211; Cumhuriyet Meydan\u0131<br \/>\n<br \/>20.30 &#8211; Buzuki Hakan &#8211; Konser &#8211; Cumhuriyet Meydan\u0131<br \/>\n<br \/>4 Ekim Cumartesi<br \/>\n<br \/>10.00 &#8211; 19.00 &#8211; Slow Food Yery\u00fcz\u00fc Pazar\u0131 Kur\u015funlu Meydan\u0131<br \/>\n<br \/>10.00 &#8211; 19.00 &#8211; El Eme\u011fi \u00dcr\u00fcnlerin Standlar\u0131 &#8211; Zahire Pazar\u0131 ve Kur\u015funlu Meydan\u0131<br \/>\n<br \/>11.00 &#8211; Bodrum\u2019dan Mu\u011fla\u2019ya Merhaba Resim Sergisi &#8211; (Bodrum Kent Konseyi Sanat\u00e7\u0131lar\u0131)<br \/>\n<br \/>\u015eerefliler K\u00fclt\u00fcr Evi<br \/>\n<br \/>11.00 &#8211; 12.00 &#8211; \u00c7ocuk Ekoloji Etkinlikleri &#8211; K\u0131\u015fla Park\u0131<br \/>\n<br \/>12.00 &#8211; Orhan Taylan &#8211; Resim ve Heykel Sergisi &#8211; Konakalt\u0131 \u0130skender Alper K\u00fclt\u00fcr Merkezi<br \/>\n<br \/>12.00 -Hat\u0131ralarda Mu\u011fla Foto\u011fraf Sergisi &#8211; Y\u0131lmaz Bozkurt ar\u015fivinden<br \/>\n<br \/>Konakalt\u0131 \u0130skender Alper K\u00fclt\u00fcr Merkezi<br \/>\n<br \/>13.00 &#8211; 14.00 &#8211; \u00c7ocuk Danslar\u0131 Etkinli\u011fi (Murat Esent\u00fcrk) &#8211; K\u0131\u015fla Park\u0131<br \/>\n<br \/>14.00 &#8211; 17.00 &#8211; Harika Hatalar\u0131m Var &#8211; Mente\u015fe Belediye Tiyatrosu Tiyatro Oyunu (2 Oturum)<br \/>\n<br \/>K\u0131\u015fla Park\u0131<br \/>\n<br \/>14.00 &#8211; 15.00 &#8211; Sonbahar Ezgileri (Mente\u015fe Belediye Korosu) &#8211; Yalab\u0131k Park\u0131<br \/>\n<br \/>14.30 &#8211; Cumhuriyet Gazetesi \u00d6d\u00fclleri &#8211; Gazi Mustafa Kemal Atat\u00fcrk K\u00fclt\u00fcr Merkezi Y\u0131ld\u0131z Kenter Sahnesi<br \/>\n<br \/>16.00 -18.00 &#8211; Nebil \u00d6zgent\u00fcrk ve Gani M\u00fcjde (Memleket Sanat Hayat S\u00f6yle\u015fi ve \u0130mza G\u00fcn\u00fc)<br \/>\n<br \/>T\u00fcrkan Saylan \u00c7a\u011fda\u015f Ya\u015fam Merkezi<br \/>\n<br \/>19.30 &#8211; Abdurrahim Karademir &#8211; Mu\u011fla Geleneksel Dans ve M\u00fczik K\u00fclt\u00fcr\u00fc &#8211; (S\u00f6yle\u015fi ve Dans)<br \/>\n<br \/>Mu\u011fla B\u00fcy\u00fck\u015fehir Belediyesi Bah\u00e7esi<br \/>\n<br \/>20.30 -Bizim K\u00f6y\u00fcn \u015eark\u0131s\u0131 (Sinema) &#8211; K\u0131\u015fla Park\u0131<br \/>\n<br \/>5 Ekim Pazar<br \/>\n<br \/>11. 00 &#8211; Karaba\u011flar Y\u00fcr\u00fcy\u00fc\u015f\u00fc &#8211; Karaba\u011flar Yaylas\u0131<br \/>\n<br \/>11.30 &#8211; 14.00 &#8211; Karaba\u011flar Kavun Yar\u0131\u015fmas\u0131 \u015eenli\u011fi &#8211;<br \/>\n<br \/>ASFAD Halk Oyunlar\u0131 Ekibi, Mu\u011fla Sanatseverler Derne\u011fi Resim Sergisi, Hamdi Demirta\u015f Mu\u011fla T\u00fcrk\u00fcleri &#8211; Narl\u0131 Kahve<br \/>\n<br \/>13.00 &#8211; Karaba\u011flar Yaylas\u0131 &#8211; Bisiklet Turu &#8211; Ba\u015flang\u0131\u00e7; K\u0131\u015fla Park\u0131, Biti\u015f; Narl\u0131 Kahve<br \/>\n<br \/>12.00 &#8211; 14.00 &#8211; Feray Atan &#8211; Dorodango At\u00f6lyesi- Yara\u015fl\u0131lar K\u00fclt\u00fcr Evi<br \/>\n<br \/>15.00 &#8211; Metin Erdo\u011fan S\u00f6yle\u015fi &amp; \u0130mza &#8211; Cumhuriyetin 101. Y\u0131l\u0131nda \u00c7evre Sorunlar\u0131m\u0131z ve Be\u015f Efsane \u00c7evrecimiz &#8211; Konakalt\u0131 \u0130skender Alper K\u00fclt\u00fcr Merkezi<br \/>\n<br \/>15.00 &#8211; 16.00 &#8211; Lisa Dominguez ve Martin Stanton &#8211; Botanik Boya At\u00f6lyesi &#8211; Yara\u015fl\u0131lar K\u00fclt\u00fcr Evi<br \/>\n<br \/>16.30 &#8211; Y\u00fcksel Aksu S\u00f6yle\u015fi &#8211; D\u00fcnya Sinema Kenti Mu\u011fla II &#8211; Konakalt\u0131 \u0130skender Alper K\u00fclt\u00fcr Merkezi<br \/>\n<br \/>18.30 &#8211; Oryantiring \u00d6d\u00fcl T\u00f6reni &#8211; Konakalt\u0131 \u0130skender Alper K\u00fclt\u00fcr Merkezi<br \/>\n<br \/>20.30 &#8211; Suzan Karde\u015f &#8211; Konser &#8211; Cumhuriyet Meydan\u0131<br \/><\/p>\n","protected":false},"excerpt":{"rendered":"<p>Mu\u011fla B\u00fcy\u00fck\u015fehir Belediyesi ve Mente\u015fe Belediyesi i\u015f birli\u011finde bu y\u0131l 32\u2019incisi d\u00fczenlenecek olan Uluslararas\u0131 Mu\u011fla K\u00fclt\u00fcr ve Sanat \u015eenli\u011fi ba\u015fl\u0131yor. \u015eenlik kapsam\u0131nda Cumhuriyet Gazetesi \u00f6d\u00fcl t\u00f6reni, Karaba\u011flar Yayla Kavun Yar\u0131\u015fmas\u0131, Mu\u011fla Lezzetleri co\u011frafi \u00fcr\u00fcnlerin tan\u0131t\u0131m\u0131, sergiler, konserler, s\u00f6yle\u015fi ve kitap imza g\u00fcnleri, \u00e7ocuk etkinlikleri (sinema ve tiyatro g\u00f6sterileri), at\u00f6lye \u00e7al\u0131\u015fmalar\u0131 ger\u00e7ekle\u015ftirilecek. 3 Ekim Cuma G\u00fcn\u00fc&#8230;<\/p>\n","protected":false},"author":1,"featured_media":57600,"comment_status":"open","ping_status":"open","sticky":false,"template":"","format":"standard","meta":{"_crdt_document":"","footnotes":""},"categories":[1],"tags":[],"class_list":["post-57599","post","type-post","status-publish","format-standard","has-post-thumbnail","hentry","category-guncel"],"_links":{"self":[{"href":"https:\/\/www.egemtv.com\/index.php?rest_route=\/wp\/v2\/posts\/57599","targetHints":{"allow":["GET"]}}],"collection":[{"href":"https:\/\/www.egemtv.com\/index.php?rest_route=\/wp\/v2\/posts"}],"about":[{"href":"https:\/\/www.egemtv.com\/index.php?rest_route=\/wp\/v2\/types\/post"}],"author":[{"embeddable":true,"href":"https:\/\/www.egemtv.com\/index.php?rest_route=\/wp\/v2\/users\/1"}],"replies":[{"embeddable":true,"href":"https:\/\/www.egemtv.com\/index.php?rest_route=%2Fwp%2Fv2%2Fcomments&post=57599"}],"version-history":[{"count":1,"href":"https:\/\/www.egemtv.com\/index.php?rest_route=\/wp\/v2\/posts\/57599\/revisions"}],"predecessor-version":[{"id":57601,"href":"https:\/\/www.egemtv.com\/index.php?rest_route=\/wp\/v2\/posts\/57599\/revisions\/57601"}],"wp:featuredmedia":[{"embeddable":true,"href":"https:\/\/www.egemtv.com\/index.php?rest_route=\/wp\/v2\/media\/57600"}],"wp:attachment":[{"href":"https:\/\/www.egemtv.com\/index.php?rest_route=%2Fwp%2Fv2%2Fmedia&parent=57599"}],"wp:term":[{"taxonomy":"category","embeddable":true,"href":"https:\/\/www.egemtv.com\/index.php?rest_route=%2Fwp%2Fv2%2Fcategories&post=57599"},{"taxonomy":"post_tag","embeddable":true,"href":"https:\/\/www.egemtv.com\/index.php?rest_route=%2Fwp%2Fv2%2Ftags&post=57599"}],"curies":[{"name":"wp","href":"https:\/\/api.w.org\/{rel}","templated":true}]}}