{"id":57596,"date":"2025-09-26T19:34:38","date_gmt":"2025-09-26T16:34:38","guid":{"rendered":"https:\/\/www.egemtv.com\/?p=57596"},"modified":"2025-09-26T19:34:39","modified_gmt":"2025-09-26T16:34:39","slug":"mentese-belediyesi-istanbul-turizm-fuarinda","status":"publish","type":"post","link":"https:\/\/www.egemtv.com\/?p=57596","title":{"rendered":"Mente\u015fe Belediyesi \u0130stanbul Turizm Fuar\u0131\u2019nda"},"content":{"rendered":"<p>Mente\u015fe Belediyesi, 25-26 Eyl\u00fcl 2025 tarihlerinde Yenikap\u0131-Avrasya G\u00f6steri ve Sanat Merkezi\u2019nde ger\u00e7ekle\u015ftirilen \u0130stanbul Turizm Fuar\u0131\u2019nda yerini ald\u0131.<br \/>\n<br \/>Fuara, T\u00fcrkiye ve d\u00fcnyadan 15 bin turizm profesyoneli, 50 \u00fclkeden d\u0131\u015f turizm acenteleri ve b\u00f6lgesel turizm \u015firketleri olmak \u00fczere toplam 500 firma kat\u0131ld\u0131. Mente\u015fe Belediyesi, Mu\u011fla B\u00fcy\u00fck\u015fehir Belediyesi \u00e7at\u0131s\u0131 alt\u0131ndaki alanda kurdu\u011fu stantta Mente\u015fe\u2019nin do\u011fal g\u00fczelliklerini, k\u00fclt\u00fcrel de\u011ferlerini ve \u00f6zg\u00fcn ya\u015fam k\u00fclt\u00fcr\u00fcn\u00fc tan\u0131tt\u0131.<br \/>\n<br \/>Ba\u015fkan Gonca K\u00f6ksal Aras: &#8220;Turizm potansiyelimizi D\u00fcnya ile bulu\u015fturuyoruz&#8221;<br \/>\n<br \/>Mente\u015fe Belediye Ba\u015fkan\u0131 Gonca K\u00f6ksal Aras, fuara kat\u0131l\u0131mlar\u0131n\u0131n \u00f6nemine de\u011finerek \u015funlar\u0131 s\u00f6yledi:<br \/>\n<br \/>&#8220;Mente\u015fe\u2019mizin ya\u015fam k\u00fclt\u00fcr\u00fcn\u00fc, e\u015fsiz do\u011fam\u0131z\u0131 ve kentimizin tarihi kimli\u011fini tan\u0131tmak i\u00e7in ulusal ve uluslararas\u0131 fuarlarda yer almaya devam ediyoruz. Bu t\u00fcr organizasyonlar, il\u00e7emizin turizm potansiyelini d\u00fcnya \u00e7ap\u0131nda g\u00f6r\u00fcn\u00fcr k\u0131lmam\u0131z i\u00e7in \u00e7ok de\u011ferli f\u0131rsatlar sunuyor. Mente\u015fe; Arastas\u0131, Saburhanesi, Karaba\u011flar Yaylas\u0131, Asar Da\u011f\u0131 ve De\u011firmendere Kanyonu gibi tarih\u00ee ve do\u011fal g\u00fczellikleriyle k\u00fclt\u00fcr turizmi a\u00e7\u0131s\u0131ndan \u00e7ok \u00f6zel bir yere sahip. Biz de bu miras\u0131 koruyarak gelece\u011fe ta\u015f\u0131may\u0131, ayn\u0131 zamanda turizmle daha fazla insana ula\u015fmay\u0131 hedefliyoruz. \u0130l\u00e7emizi yaln\u0131zca yaz aylar\u0131nda de\u011fil, d\u00f6rt mevsim boyunca cazibe merkezi haline getirmek i\u00e7in \u00e7al\u0131\u015f\u0131yoruz&#8221;<br \/><\/p>\n","protected":false},"excerpt":{"rendered":"<p>Mente\u015fe Belediyesi, 25-26 Eyl\u00fcl 2025 tarihlerinde Yenikap\u0131-Avrasya G\u00f6steri ve Sanat Merkezi\u2019nde ger\u00e7ekle\u015ftirilen \u0130stanbul Turizm Fuar\u0131\u2019nda yerini ald\u0131. Fuara, T\u00fcrkiye ve d\u00fcnyadan 15 bin turizm profesyoneli, 50 \u00fclkeden d\u0131\u015f turizm acenteleri ve b\u00f6lgesel turizm \u015firketleri olmak \u00fczere toplam 500 firma kat\u0131ld\u0131. Mente\u015fe Belediyesi, Mu\u011fla B\u00fcy\u00fck\u015fehir Belediyesi \u00e7at\u0131s\u0131 alt\u0131ndaki alanda kurdu\u011fu stantta Mente\u015fe\u2019nin do\u011fal g\u00fczelliklerini, k\u00fclt\u00fcrel de\u011ferlerini&#8230;<\/p>\n","protected":false},"author":1,"featured_media":57597,"comment_status":"open","ping_status":"open","sticky":false,"template":"","format":"standard","meta":{"_crdt_document":"","footnotes":""},"categories":[1],"tags":[],"class_list":["post-57596","post","type-post","status-publish","format-standard","has-post-thumbnail","hentry","category-guncel"],"_links":{"self":[{"href":"https:\/\/www.egemtv.com\/index.php?rest_route=\/wp\/v2\/posts\/57596","targetHints":{"allow":["GET"]}}],"collection":[{"href":"https:\/\/www.egemtv.com\/index.php?rest_route=\/wp\/v2\/posts"}],"about":[{"href":"https:\/\/www.egemtv.com\/index.php?rest_route=\/wp\/v2\/types\/post"}],"author":[{"embeddable":true,"href":"https:\/\/www.egemtv.com\/index.php?rest_route=\/wp\/v2\/users\/1"}],"replies":[{"embeddable":true,"href":"https:\/\/www.egemtv.com\/index.php?rest_route=%2Fwp%2Fv2%2Fcomments&post=57596"}],"version-history":[{"count":1,"href":"https:\/\/www.egemtv.com\/index.php?rest_route=\/wp\/v2\/posts\/57596\/revisions"}],"predecessor-version":[{"id":57598,"href":"https:\/\/www.egemtv.com\/index.php?rest_route=\/wp\/v2\/posts\/57596\/revisions\/57598"}],"wp:featuredmedia":[{"embeddable":true,"href":"https:\/\/www.egemtv.com\/index.php?rest_route=\/wp\/v2\/media\/57597"}],"wp:attachment":[{"href":"https:\/\/www.egemtv.com\/index.php?rest_route=%2Fwp%2Fv2%2Fmedia&parent=57596"}],"wp:term":[{"taxonomy":"category","embeddable":true,"href":"https:\/\/www.egemtv.com\/index.php?rest_route=%2Fwp%2Fv2%2Fcategories&post=57596"},{"taxonomy":"post_tag","embeddable":true,"href":"https:\/\/www.egemtv.com\/index.php?rest_route=%2Fwp%2Fv2%2Ftags&post=57596"}],"curies":[{"name":"wp","href":"https:\/\/api.w.org\/{rel}","templated":true}]}}