{"id":57593,"date":"2025-09-26T19:14:44","date_gmt":"2025-09-26T16:14:44","guid":{"rendered":"https:\/\/www.egemtv.com\/?p=57593"},"modified":"2025-09-26T19:14:45","modified_gmt":"2025-09-26T16:14:45","slug":"selendide-ilkogretim-haftasi-kutlandi","status":"publish","type":"post","link":"https:\/\/www.egemtv.com\/?p=57593","title":{"rendered":"Selendi\u2019de \u0130lk\u00f6gretim Haftas\u0131 kutland\u0131"},"content":{"rendered":"<p>Manisa\u2019n\u0131n Selendi il\u00e7esinde 2025-2026 E\u011fitim-\u00d6\u011fretim Y\u0131l\u0131 \u0130lk\u00f6\u011fretim dolay\u0131s\u0131yla kutlama program\u0131 d\u00fczenlendi.<br \/>\n<br \/>Manisa\u2019n\u0131n Selendi \u0130l\u00e7esinde ilk\u00f6\u011fretim haftas\u0131 co\u015fkuyla kutland\u0131. Selendi \u0130l\u00e7e Milli E\u011fitim M\u00fcd\u00fcrl\u00fc\u011f\u00fc taraf\u0131ndan 2025-2026 E\u011fitim-\u00d6\u011fretim Y\u0131l\u0131 \u0130lk\u00f6\u011fretim haftas\u0131 \u0130l\u00e7e Milli E\u011fitim M\u00fcd\u00fcr\u00fc Ahmet Ata\u015fman\u2019\u0131n Selendi Devlet Bah\u00e7eli Kent Meydan\u0131nda Atat\u00fcrk An\u0131t\u0131\u2019na \u00e7elenk sunmas\u0131yla ba\u015flad\u0131. Atat\u00fcrk \u0130lkokulu bah\u00e7esindeki kutlama program\u0131nda \u0130l\u00e7e Milli E\u011fitim M\u00fcd\u00fcr\u00fc Ahmet Ata\u015fman, g\u00fcn\u00fcn anlam ve \u00f6nemini belirten konu\u015fmas\u0131n\u0131 yapt\u0131. Ata\u015fman konu\u015fmas\u0131nda, &#8220;E\u011fitim, bir toplumun gelece\u011fini belirleyen bir s\u00fcre\u00e7, bir memleket meselesidir. T\u00fcrk E\u011fitim sistemimiz; t\u00fcm vatanda\u015flar\u0131m\u0131z\u0131; T\u00fcrk Milli E\u011fitiminin temel ama\u00e7lar\u0131ndan biri olan Fikri h\u00fcr, vicdan\u0131 h\u00fcr, irfan\u0131 h\u00fcr nesillerin, dengeli ve d\u00fczg\u00fcn bir karaktere sahip olmas\u0131n\u0131, ayn\u0131 zamanda iyi insan ve iyi bir vatanda\u015f olarak yeti\u015ftirilmesi g\u00f6revini \u00fcstlenmi\u015ftir&#8221; dedi.<br \/>\n<br \/>Kutlama program\u0131 \u00f6\u011frencilerin haz\u0131rlay\u0131p sundu\u011fu m\u00fczikli g\u00f6steriler, \u015fiirlerin okunmas\u0131 folkl\u00f6r g\u00f6sterileri, birinci s\u0131n\u0131f \u00f6\u011frencileri balon patlatma yar\u0131\u015f\u0131 ile son buldu.<br \/>\n<br \/>Programa Belediye Ba\u015fkan\u0131 Murat Daban, \u0130l\u00e7e Milli E\u011fitim M\u00fcd\u00fcr\u00fc Ahmet Ata\u015fman, \u015eube M\u00fcd\u00fcrleri Hakan G\u00fcnd\u00fcz ve Nermin \u00d6zalp, Okul M\u00fcd\u00fcr\u00fc \u015eeref Ko\u00e7yi\u011fit, il\u00e7e protokol\u00fc, \u00f6\u011fretmenler, \u00f6\u011frenciler ve veliler kat\u0131ld\u0131.  Ayr\u0131ca kutlama program\u0131 kapsam\u0131nda okul bah\u00e7esine zeytin fidesi dikimi yap\u0131ld\u0131.<br \/><\/p>\n","protected":false},"excerpt":{"rendered":"<p>Manisa\u2019n\u0131n Selendi il\u00e7esinde 2025-2026 E\u011fitim-\u00d6\u011fretim Y\u0131l\u0131 \u0130lk\u00f6\u011fretim dolay\u0131s\u0131yla kutlama program\u0131 d\u00fczenlendi. Manisa\u2019n\u0131n Selendi \u0130l\u00e7esinde ilk\u00f6\u011fretim haftas\u0131 co\u015fkuyla kutland\u0131. Selendi \u0130l\u00e7e Milli E\u011fitim M\u00fcd\u00fcrl\u00fc\u011f\u00fc taraf\u0131ndan 2025-2026 E\u011fitim-\u00d6\u011fretim Y\u0131l\u0131 \u0130lk\u00f6\u011fretim haftas\u0131 \u0130l\u00e7e Milli E\u011fitim M\u00fcd\u00fcr\u00fc Ahmet Ata\u015fman\u2019\u0131n Selendi Devlet Bah\u00e7eli Kent Meydan\u0131nda Atat\u00fcrk An\u0131t\u0131\u2019na \u00e7elenk sunmas\u0131yla ba\u015flad\u0131. Atat\u00fcrk \u0130lkokulu bah\u00e7esindeki kutlama program\u0131nda \u0130l\u00e7e Milli E\u011fitim M\u00fcd\u00fcr\u00fc Ahmet&#8230;<\/p>\n","protected":false},"author":1,"featured_media":57594,"comment_status":"open","ping_status":"open","sticky":false,"template":"","format":"standard","meta":{"_crdt_document":"","footnotes":""},"categories":[1],"tags":[],"class_list":["post-57593","post","type-post","status-publish","format-standard","has-post-thumbnail","hentry","category-guncel"],"_links":{"self":[{"href":"https:\/\/www.egemtv.com\/index.php?rest_route=\/wp\/v2\/posts\/57593","targetHints":{"allow":["GET"]}}],"collection":[{"href":"https:\/\/www.egemtv.com\/index.php?rest_route=\/wp\/v2\/posts"}],"about":[{"href":"https:\/\/www.egemtv.com\/index.php?rest_route=\/wp\/v2\/types\/post"}],"author":[{"embeddable":true,"href":"https:\/\/www.egemtv.com\/index.php?rest_route=\/wp\/v2\/users\/1"}],"replies":[{"embeddable":true,"href":"https:\/\/www.egemtv.com\/index.php?rest_route=%2Fwp%2Fv2%2Fcomments&post=57593"}],"version-history":[{"count":1,"href":"https:\/\/www.egemtv.com\/index.php?rest_route=\/wp\/v2\/posts\/57593\/revisions"}],"predecessor-version":[{"id":57595,"href":"https:\/\/www.egemtv.com\/index.php?rest_route=\/wp\/v2\/posts\/57593\/revisions\/57595"}],"wp:featuredmedia":[{"embeddable":true,"href":"https:\/\/www.egemtv.com\/index.php?rest_route=\/wp\/v2\/media\/57594"}],"wp:attachment":[{"href":"https:\/\/www.egemtv.com\/index.php?rest_route=%2Fwp%2Fv2%2Fmedia&parent=57593"}],"wp:term":[{"taxonomy":"category","embeddable":true,"href":"https:\/\/www.egemtv.com\/index.php?rest_route=%2Fwp%2Fv2%2Fcategories&post=57593"},{"taxonomy":"post_tag","embeddable":true,"href":"https:\/\/www.egemtv.com\/index.php?rest_route=%2Fwp%2Fv2%2Ftags&post=57593"}],"curies":[{"name":"wp","href":"https:\/\/api.w.org\/{rel}","templated":true}]}}