{"id":57590,"date":"2025-09-26T18:58:43","date_gmt":"2025-09-26T15:58:43","guid":{"rendered":"https:\/\/www.egemtv.com\/?p=57590"},"modified":"2025-09-26T18:58:44","modified_gmt":"2025-09-26T15:58:44","slug":"manisadaki-tir-faciasinda-yaralanan-polisten-aci-haber","status":"publish","type":"post","link":"https:\/\/www.egemtv.com\/?p=57590","title":{"rendered":"Manisa\u2019daki t\u0131r facias\u0131nda yaralanan polisten ac\u0131 haber"},"content":{"rendered":"<p>Manisa\u2019n\u0131n Salihli il\u00e7esinde d\u00fcn meydana gelen trafik kazas\u0131nda a\u011f\u0131r yaralanan ve kald\u0131r\u0131ld\u0131\u011f\u0131 hastanede hayat\u0131n\u0131 kaybeden 49 ya\u015f\u0131ndaki Polis Memuru Osman Yaman, d\u00fczenlenen t\u00f6renle topra\u011fa verildi.<br \/>\n<br \/>Kaza, d\u00fcn sabah saatlerinde \u0130zmir-Ankara kara yolu Salihli Sar\u0131p\u0131nar Mahallesi yak\u0131nlar\u0131nda meydana geldi. Ankara istikametinden \u0130zmir y\u00f6n\u00fcne giden \u015eah \u0130smail T. idaresindeki 34 GLH 876 plakal\u0131 t\u0131r, ayn\u0131 y\u00f6nde seyir halinde bulunan Muhammed Nedir\u2019in (36) kulland\u0131\u011f\u0131 elektrikli bisiklete \u00e7arpt\u0131. Ard\u0131ndan bariyerlere \u00e7arpan t\u0131r, Ahmet T.\u2019nin (54) kulland\u0131\u011f\u0131 07 VJN 72 plakal\u0131 otomobile ve g\u00f6rev ba\u015f\u0131ndaki polis memuru Osman Yaman\u2019a \u00e7arpt\u0131ktan sonra Sar\u0131p\u0131nar K\u00f6pr\u00fcs\u00fc\u2019nden u\u00e7tu. T\u0131r, park halindeki iki \u00f6zel halk otob\u00fcs\u00fc ile bir taksinin \u00fczerine d\u00fc\u015ft\u00fc.<br \/>\n<br \/>Feci kazada elektrikli bisiklet s\u00fcr\u00fcc\u00fcs\u00fc Muhammed Nedir hayat\u0131n\u0131 kaybederken, Polis Memuru Osman Yaman ve t\u0131r \u015fof\u00f6r\u00fc \u015eah \u0130smail T. yaraland\u0131. \u0130lk m\u00fcdahalesi Salihli Devlet Hastanesi\u2019nde yap\u0131lan Yaman, ard\u0131ndan Manisa \u015eehir Hastanesi\u2019ne sevk edildi ancak doktorlar\u0131n t\u00fcm \u00e7abalar\u0131na ra\u011fmen ya\u015fam\u0131n\u0131 yitirdi.<br \/>\n<br \/>Ala\u015fehir B\u00f6lge Trafik Denetleme \u0130stasyon Amirli\u011fi\u2019nde g\u00f6rev yapan Osman Yaman i\u00e7in Salihli \u0130l\u00e7e Emniyet M\u00fcd\u00fcrl\u00fc\u011f\u00fc\u2019nde t\u00f6ren d\u00fczenlendi.<br \/>\n<br \/>T\u00f6rene Manisa Vali Yard\u0131mc\u0131s\u0131 Mustafa Harputlu, Salihli Kaymakam\u0131 Ali G\u00fcldo\u011fan, Salihli Belediye Ba\u015fkan\u0131 Mazlum Nurlu, Manisa \u0130l Emniyet M\u00fcd\u00fcr\u00fc Fahri Akta\u015f, Salihli Cumhuriyet Ba\u015fsavc\u0131s\u0131 Orhan Al, \u0130l\u00e7e Emniyet M\u00fcd\u00fcr\u00fc Burhan Demirk\u0131ran, \u0130l\u00e7e Jandarma Komutan\u0131 Binba\u015f\u0131 Do\u011fukan Karaaslan, ile \u00e7evre il\u00e7elerin kamu g\u00f6revlileri ve polis memuru Osman Yaman\u2019\u0131n yak\u0131nlar\u0131 kat\u0131ld\u0131.<br \/>\n<br \/>\u0130l\u00e7e Emniyet M\u00fcd\u00fcrl\u00fc\u011f\u00fc\u2019nde d\u00fczenlenen resmi t\u00f6rende Yaman\u2019\u0131n \u00f6zge\u00e7mi\u015fi okundu. T\u00f6ren, Salihli M\u00fcft\u00fcs\u00fc Ali \u00c7ebi taraf\u0131ndan okunan duan\u0131n ard\u0131ndan sona erdi.<br \/>\n<br \/>Polis memuru Yaman\u2019\u0131n naa\u015f\u0131 baba oca\u011f\u0131nda helallik al\u0131nd\u0131ktan sonra cenaze namaz\u0131 k\u0131l\u0131nmak \u00fczere G\u00fcne\u015f Camisi\u2019ne getirildi. Rafet-G\u00fcll\u00fc Yaman \u00e7iftinin 6 \u00e7ocu\u011fundan biri olan Yaman, k\u0131l\u0131nan cenaze namaz\u0131n\u0131n ard\u0131ndan Karaa\u011fa\u00e7 Mezarl\u0131\u011f\u0131\u2019nda topra\u011fa verildi.<br \/><\/p>\n","protected":false},"excerpt":{"rendered":"<p>Manisa\u2019n\u0131n Salihli il\u00e7esinde d\u00fcn meydana gelen trafik kazas\u0131nda a\u011f\u0131r yaralanan ve kald\u0131r\u0131ld\u0131\u011f\u0131 hastanede hayat\u0131n\u0131 kaybeden 49 ya\u015f\u0131ndaki Polis Memuru Osman Yaman, d\u00fczenlenen t\u00f6renle topra\u011fa verildi. Kaza, d\u00fcn sabah saatlerinde \u0130zmir-Ankara kara yolu Salihli Sar\u0131p\u0131nar Mahallesi yak\u0131nlar\u0131nda meydana geldi. Ankara istikametinden \u0130zmir y\u00f6n\u00fcne giden \u015eah \u0130smail T. idaresindeki 34 GLH 876 plakal\u0131 t\u0131r, ayn\u0131 y\u00f6nde seyir&#8230;<\/p>\n","protected":false},"author":1,"featured_media":57591,"comment_status":"open","ping_status":"open","sticky":false,"template":"","format":"standard","meta":{"_crdt_document":"","footnotes":""},"categories":[5],"tags":[],"class_list":["post-57590","post","type-post","status-publish","format-standard","has-post-thumbnail","hentry","category-asayis"],"_links":{"self":[{"href":"https:\/\/www.egemtv.com\/index.php?rest_route=\/wp\/v2\/posts\/57590","targetHints":{"allow":["GET"]}}],"collection":[{"href":"https:\/\/www.egemtv.com\/index.php?rest_route=\/wp\/v2\/posts"}],"about":[{"href":"https:\/\/www.egemtv.com\/index.php?rest_route=\/wp\/v2\/types\/post"}],"author":[{"embeddable":true,"href":"https:\/\/www.egemtv.com\/index.php?rest_route=\/wp\/v2\/users\/1"}],"replies":[{"embeddable":true,"href":"https:\/\/www.egemtv.com\/index.php?rest_route=%2Fwp%2Fv2%2Fcomments&post=57590"}],"version-history":[{"count":1,"href":"https:\/\/www.egemtv.com\/index.php?rest_route=\/wp\/v2\/posts\/57590\/revisions"}],"predecessor-version":[{"id":57592,"href":"https:\/\/www.egemtv.com\/index.php?rest_route=\/wp\/v2\/posts\/57590\/revisions\/57592"}],"wp:featuredmedia":[{"embeddable":true,"href":"https:\/\/www.egemtv.com\/index.php?rest_route=\/wp\/v2\/media\/57591"}],"wp:attachment":[{"href":"https:\/\/www.egemtv.com\/index.php?rest_route=%2Fwp%2Fv2%2Fmedia&parent=57590"}],"wp:term":[{"taxonomy":"category","embeddable":true,"href":"https:\/\/www.egemtv.com\/index.php?rest_route=%2Fwp%2Fv2%2Fcategories&post=57590"},{"taxonomy":"post_tag","embeddable":true,"href":"https:\/\/www.egemtv.com\/index.php?rest_route=%2Fwp%2Fv2%2Ftags&post=57590"}],"curies":[{"name":"wp","href":"https:\/\/api.w.org\/{rel}","templated":true}]}}