{"id":57587,"date":"2025-09-26T18:35:34","date_gmt":"2025-09-26T15:35:34","guid":{"rendered":"https:\/\/www.egemtv.com\/?p=57587"},"modified":"2025-09-26T18:35:35","modified_gmt":"2025-09-26T15:35:35","slug":"teknoloji-ve-bilim-senligi-izmirde-basladi","status":"publish","type":"post","link":"https:\/\/www.egemtv.com\/?p=57587","title":{"rendered":"&#8220;Teknoloji ve Bilim \u015eenli\u011fi&#8221; \u0130zmir\u2019de ba\u015flad\u0131"},"content":{"rendered":"<p>\u0130zmir\u2019de T\u00dcB\u0130TAK 4007 deste\u011fiyle d\u00fczenlenen &#8220;\u0130kiz D\u00f6n\u00fc\u015f\u00fcm\u00fcn \u0130zinde: Teknoloji ve Bilim \u015eenli\u011fi&#8221;, dijital ve ye\u015fil d\u00f6n\u00fc\u015f\u00fcm\u00fc bulu\u015fturarak \u00f6\u011frencileri bilim ve teknolojiyle bir araya getirdi. 3 g\u00fcn s\u00fcrecek etkinlikte kat\u0131l\u0131mc\u0131lar yapay zeka uygulamalar\u0131n\u0131 tan\u0131yacak, s\u00fcrd\u00fcr\u00fclebilirlik at\u00f6lyelerine kat\u0131lacak ve teknoloji sergilerini ziyaret etme f\u0131rsat\u0131 bulacak.<br \/>\n<br \/>\u0130zmir \u0130l Milli E\u011fitim M\u00fcd\u00fcrl\u00fc\u011f\u00fc ve Dokuz Eyl\u00fcl \u00dcniversitesi i\u015f birli\u011fiyle T\u00dcB\u0130TAK 4007 program\u0131 kapsam\u0131nda d\u00fczenlenen &#8220;\u0130kiz D\u00f6n\u00fc\u015f\u00fcm\u00fcn \u0130zinde: Teknoloji ve Bilim \u015eenli\u011fi&#8221;, 25-27 Eyl\u00fcl 2025 tarihleri aras\u0131nda Dokuz Eyl\u00fcl \u00dcniversitesi Buca E\u011fitim Fak\u00fcltesi Yerle\u015fkesinde Re\u015fat Postac\u0131o\u011flu Konferans Salonunda yap\u0131lan a\u00e7\u0131l\u0131\u015f program\u0131yla ba\u015flad\u0131. \u015eenli\u011fe; Cumhurba\u015fkanl\u0131\u011f\u0131 Sosyal ve Gen\u00e7lik Politikalar\u0131 Kurulu \u00dcyesi Abd\u00fclkadir \u00d6zbek, Dokuz Eyl\u00fcl \u00dcniversitesi Rekt\u00f6r Vekili Prof. Dr. Mehmet Birhan Y\u0131lmaz, \u0130zmir \u0130l Milli E\u011fitim M\u00fcd\u00fcr\u00fc Dr. \u00d6mer Yah\u015fi, Dokuz Eyl\u00fcl \u00dcniversitesi E\u011fitim Fak\u00fcltesi Dekan\u0131 Prof. Dr. Sibel Ye\u015fildere \u0130mre, \u0130l Milli E\u011fitim M\u00fcd\u00fcr Yard\u0131mc\u0131s\u0131 \u0130lker Erarslan, \u0130l Milli E\u011fitim \u015eube M\u00fcd\u00fcr\u00fc Do\u00e7. Dr. \u00d6zden \u00d6lmez Ceylan, \u0130l Milli E\u011fitim M\u00fcd\u00fcrl\u00fc\u011f\u00fc Ar-Ge Biriminden Dr. Feriha Hande \u0130dil, Dokuz Eyl\u00fcl \u00dcniversitesi \u00f6\u011fretim \u00fcyeleri, \u00f6\u011fretmenler ve \u00e7ok say\u0131da \u00f6\u011frenci kat\u0131ld\u0131.<br \/>\n<br \/>Cumhurba\u015fkanl\u0131\u011f\u0131 Ulusal Yapay Zeka Stratejisi ve 12. Kalk\u0131nma Plan\u0131 hedefleri do\u011frultusunda ger\u00e7ekle\u015ftirilen \u015fenlik, dijital ve ye\u015fil d\u00f6n\u00fc\u015f\u00fcm vizyonuna katk\u0131 sa\u011flayarak bilim ve sanatla bulu\u015fturmay\u0131 ama\u00e7l\u0131yor.<\/p>\n<p>Teknolojiyle bilimin bulu\u015fma noktas\u0131<br \/>\n<br \/>\u015eenlik boyunca kat\u0131l\u0131mc\u0131lar, yapay zeka uygulamalar\u0131n\u0131 tan\u0131ma, \u00e7evresel s\u00fcrd\u00fcr\u00fclebilirlik temal\u0131 at\u00f6lyelere kat\u0131lma ve teknoloji sergilerini ziyaret etme imkan\u0131 buluyor. Ayr\u0131ca sanat at\u00f6lyelerinde \u00f6\u011frenciler, hayallerini resim, m\u00fczik ve tasar\u0131mlarla ifade etme f\u0131rsat\u0131 yakal\u0131yor. Anaokulundan \u00fcniversiteye kadar t\u00fcm \u00f6\u011frenciler, \u00f6\u011fretmenler ve velilerin bir arada yer ald\u0131\u011f\u0131 etkinlik, toplumu ortak bir vizyon etraf\u0131nda bulu\u015fturmay\u0131 hedefliyor.<br \/>\n<br \/>Program, sayg\u0131 duru\u015fu ve \u0130stiklal Mar\u015f\u0131\u2019n\u0131n okunmas\u0131n\u0131n ard\u0131ndan \u015fenli\u011fin tan\u0131t\u0131m videosu ile ba\u015flad\u0131. A\u00e7\u0131l\u0131\u015f konu\u015fmas\u0131n\u0131 yapan Proje Y\u00fcr\u00fct\u00fcc\u00fcs\u00fc Dr. Feriha Hande \u0130dil, \u0130zmir \u0130l Milli E\u011fitim M\u00fcd\u00fcrl\u00fc\u011f\u00fc ile Dokuz Eyl\u00fcl \u00dcniversitesi i\u015f birli\u011finde d\u00fczenlenen \u015fenli\u011fin; bilim, teknoloji, \u00e7evresel s\u00fcrd\u00fcr\u00fclebilirlik ve sanat\u0131n ilham\u0131n\u0131 bir araya getirdi\u011fini belirterek, &#8220;Cumhurba\u015fkanl\u0131\u011f\u0131 Ulusal Yapay Zeka Stratejisi do\u011frultusunda hayata ge\u00e7irilen etkinlikte, \u00f6\u011frenciler yapay zeka uygulamalar\u0131n\u0131 tan\u0131yarak gelece\u011fe dair yenilik\u00e7i fikirler geli\u015ftirme f\u0131rsat\u0131 bulacak. Bilimin \u0131\u015f\u0131\u011f\u0131nda s\u00fcrd\u00fcr\u00fclebilir bir gelecek yolunda bulu\u015fuyoruz&#8221; dedi.<\/p>\n<p>&#8220;T\u00fcrkiye Y\u00fczy\u0131l\u0131 \u0131\u015f\u0131\u011f\u0131nda gelece\u011fi in\u015fa eden nesiller yeti\u015ftiriyoruz&#8221;<br \/>\n<br \/>\u0130l Milli E\u011fitim M\u00fcd\u00fcr\u00fc Dr. \u00d6mer Yah\u015fi, konu\u015fmas\u0131nda \u015funlar\u0131 kaydetti:<br \/>\n<br \/>&#8220;Bug\u00fcn burada, T\u00fcrkiye Y\u00fczy\u0131l\u0131 mefk\u00fbresinin bizlere a\u00e7t\u0131\u011f\u0131 ufuktan ald\u0131\u011f\u0131m\u0131z ilhamla bilgi ve teknoloji \u00fcreten bir nesil yeti\u015ftirme idealiyle bulu\u015ftuk.Cumhurba\u015fkanl\u0131\u011f\u0131m\u0131z\u0131n Ulusal Yapay Zeka Stratejisi ve 12. Kalk\u0131nma Plan\u0131 do\u011frultusunda \u00e7\u0131kt\u0131\u011f\u0131m\u0131z bu yolda, \u0130zmir e\u011fitim ailesi olarak Dokuz Eyl\u00fcl \u00dcniversitesinin k\u0131ymetli i\u015f birli\u011fiylemilletimizin gelece\u011fini in\u015fa etme yolunda ilerliyoruz. \u00c7evreyi, do\u011fay\u0131 g\u00f6zeterek; giri\u015fimcili\u011fi, teknolojiyi, de\u011fi\u015fim ve d\u00f6n\u00fc\u015f\u00fcm\u00fc kalple birle\u015ftiren bir nesil yeti\u015ftiriyoruz.&#8221;<br \/>\n<br \/>Konu\u015fmas\u0131n\u0131n devam\u0131nda yapay zeka \u00e7a\u011f\u0131nda e\u011fitim politikalar\u0131n\u0131n h\u0131zla de\u011fi\u015fti\u011fine vurgu yapan Yah\u015fi, bu alanda yap\u0131lan \u00e7al\u0131\u015fmalar\u0131n \u00e7ok k\u0131ymetli oldu\u011funun alt\u0131n\u0131 \u00e7izerek, &#8220;Bu geli\u015fmeler, hem bizi hem de \u00f6\u011frencilerimizi do\u011frudan etkiliyor. \u00c7al\u0131\u015fmalar\u0131n uygulamaya y\u00f6nelik olmas\u0131 da bizim i\u00e7in \u00e7ok de\u011ferli. \u00c7\u00fcnk\u00fc e\u011fitimde yapay zekaya uyum sa\u011flayan bir nesil yeti\u015ftirme gayesindeyiz. Projede eme\u011fi ge\u00e7en t\u00fcm payda\u015flar\u0131m\u0131za te\u015fekk\u00fcr ediyor, \u00e7al\u0131\u015fmalar\u0131nda kolayl\u0131klar diliyorum&#8221; dedi.<\/p>\n<p>Ye\u015fil ve dijital d\u00f6n\u00fc\u015f\u00fcm, gelece\u011fin anahtar\u0131<br \/>\n<br \/>Dokuz Eyl\u00fcl \u00dcniversitesi Rekt\u00f6r Vekili Prof. Dr. Mehmet Birhan Y\u0131lmaz, projenin \u00f6nemine de\u011finerek, &#8220;\u0130kiz d\u00f6n\u00fc\u015f\u00fcm, dijital art\u0131 ye\u015fil d\u00f6n\u00fc\u015f\u00fcm demektir. Buras\u0131 zaten yemye\u015fil bir kamp\u00fcs; \u015fimdi dijital d\u00f6n\u00fc\u015f\u00fcmle birlikte daha g\u00fc\u00e7l\u00fc bir ivme kazan\u0131yoruz. Ayr\u0131ca at\u00f6lyelerde \u00fc\u00e7 g\u00fcn boyunca \u00f6\u011frencilerimizle bir arada olmak, \u00f6\u011frenmek ve e\u011flenmek bizlere ayr\u0131 bir mutluluk veriyor&#8221; dedi.<br \/>\n<br \/>Gelece\u011fin yapay zekadan \u00e7ok, \u00f6\u011frencilerin \u00fcretkenli\u011fi \u015fekillenece\u011fini belirten Prof. Dr. Y\u0131lmaz, \u00f6\u011frencilere seslenerek, &#8220;Bizim, yapay zekay\u0131 geli\u015ftirecek \u00f6\u011frencilere ihtiyac\u0131m\u0131z var. Bu yolda sadece size yol g\u00f6sterece\u011fiz, sizlerle beraber y\u00fcr\u00fcyece\u011fiz. Hepinize keyifli ve verimli bir \u015fenlik diliyorum&#8221; dedi.<br \/>\n<br \/>\u015eenlik, Dokuz Eyl\u00fcl \u00dcniversitesi M\u00fczik E\u011fitimi Ana Bilim Dal\u0131 \u00f6\u011fretim \u00fcyeleriyle \u00f6\u011frencilerinin konserinin ard\u0131ndan, stant gezileri ve \u00f6\u011frencilerin tan\u0131t\u0131mlar\u0131yla devam etti. Etkinlik, Dokuz Eyl\u00fcl \u00dcniversitesi Kamp\u00fcs\u00fcnde 27 Eyl\u00fcl 2025 tarihine kadar devam edecek.<br \/><\/p>\n","protected":false},"excerpt":{"rendered":"<p>\u0130zmir\u2019de T\u00dcB\u0130TAK 4007 deste\u011fiyle d\u00fczenlenen &#8220;\u0130kiz D\u00f6n\u00fc\u015f\u00fcm\u00fcn \u0130zinde: Teknoloji ve Bilim \u015eenli\u011fi&#8221;, dijital ve ye\u015fil d\u00f6n\u00fc\u015f\u00fcm\u00fc bulu\u015fturarak \u00f6\u011frencileri bilim ve teknolojiyle bir araya getirdi. 3 g\u00fcn s\u00fcrecek etkinlikte kat\u0131l\u0131mc\u0131lar yapay zeka uygulamalar\u0131n\u0131 tan\u0131yacak, s\u00fcrd\u00fcr\u00fclebilirlik at\u00f6lyelerine kat\u0131lacak ve teknoloji sergilerini ziyaret etme f\u0131rsat\u0131 bulacak. \u0130zmir \u0130l Milli E\u011fitim M\u00fcd\u00fcrl\u00fc\u011f\u00fc ve Dokuz Eyl\u00fcl \u00dcniversitesi i\u015f birli\u011fiyle T\u00dcB\u0130TAK&#8230;<\/p>\n","protected":false},"author":1,"featured_media":57588,"comment_status":"open","ping_status":"open","sticky":false,"template":"","format":"standard","meta":{"_crdt_document":"","footnotes":""},"categories":[1],"tags":[],"class_list":["post-57587","post","type-post","status-publish","format-standard","has-post-thumbnail","hentry","category-guncel"],"_links":{"self":[{"href":"https:\/\/www.egemtv.com\/index.php?rest_route=\/wp\/v2\/posts\/57587","targetHints":{"allow":["GET"]}}],"collection":[{"href":"https:\/\/www.egemtv.com\/index.php?rest_route=\/wp\/v2\/posts"}],"about":[{"href":"https:\/\/www.egemtv.com\/index.php?rest_route=\/wp\/v2\/types\/post"}],"author":[{"embeddable":true,"href":"https:\/\/www.egemtv.com\/index.php?rest_route=\/wp\/v2\/users\/1"}],"replies":[{"embeddable":true,"href":"https:\/\/www.egemtv.com\/index.php?rest_route=%2Fwp%2Fv2%2Fcomments&post=57587"}],"version-history":[{"count":1,"href":"https:\/\/www.egemtv.com\/index.php?rest_route=\/wp\/v2\/posts\/57587\/revisions"}],"predecessor-version":[{"id":57589,"href":"https:\/\/www.egemtv.com\/index.php?rest_route=\/wp\/v2\/posts\/57587\/revisions\/57589"}],"wp:featuredmedia":[{"embeddable":true,"href":"https:\/\/www.egemtv.com\/index.php?rest_route=\/wp\/v2\/media\/57588"}],"wp:attachment":[{"href":"https:\/\/www.egemtv.com\/index.php?rest_route=%2Fwp%2Fv2%2Fmedia&parent=57587"}],"wp:term":[{"taxonomy":"category","embeddable":true,"href":"https:\/\/www.egemtv.com\/index.php?rest_route=%2Fwp%2Fv2%2Fcategories&post=57587"},{"taxonomy":"post_tag","embeddable":true,"href":"https:\/\/www.egemtv.com\/index.php?rest_route=%2Fwp%2Fv2%2Ftags&post=57587"}],"curies":[{"name":"wp","href":"https:\/\/api.w.org\/{rel}","templated":true}]}}