{"id":57584,"date":"2025-09-26T18:35:33","date_gmt":"2025-09-26T15:35:33","guid":{"rendered":"https:\/\/www.egemtv.com\/?p=57584"},"modified":"2025-09-26T18:35:34","modified_gmt":"2025-09-26T15:35:34","slug":"kazada-hayatini-kaybeden-yegenini-ayakkabisindan-tanidi","status":"publish","type":"post","link":"https:\/\/www.egemtv.com\/?p=57584","title":{"rendered":"Kazada hayat\u0131n\u0131 kaybeden ye\u011fenini ayakkab\u0131s\u0131ndan tan\u0131d\u0131"},"content":{"rendered":"<p>Burdur\u2019da motosikletin bariyere \u00e7arpmas\u0131 sonucu meydana gelen kazada s\u00fcr\u00fcc\u00fc hayat\u0131n\u0131 kaybetti. Olay yerine gelen amcas\u0131 ise s\u00fcr\u00fcc\u00fcy\u00fc ayakkab\u0131s\u0131ndan tan\u0131d\u0131.<br \/>\n<br \/>Kaza, saat 16.30 s\u0131ralar\u0131nda Burdur-Afyonkarahisar karayolu \u00fczerinde meydana geldi. Edinilen bilgiye g\u00f6re, Mustafa \u015eahin (29) idaresindeki 15 AAY 048 plakal\u0131 motosiklet, s\u00fcr\u00fcc\u00fcn\u00fcn direksiyon hakimiyetini kaybetmesi bariyere \u00e7arp\u0131p devrildi. Kaza motosiklet s\u00fcr\u00fcc\u00fcs\u00fc olay yerinde hayat\u0131n\u0131 kaybederken, ihbar \u00fczerine adrese sa\u011fl\u0131k ve polis ekipleri sevk edildi. Polis ekiplerin taraf\u0131ndan yolda g\u00fcvenlik \u00f6nemi al\u0131n\u0131rken \u015eahin\u2019in cenazesi Burdur Devlet Hastanesine kald\u0131r\u0131ld\u0131.<br \/>\n<br \/>Olay yerine gelen \u015eahin\u2019in amcas\u0131n\u0131n, &#8220;Ayakkab\u0131s\u0131ndan tan\u0131d\u0131m. Mustafa bu&#8221; s\u00f6zleri ve babas\u0131n\u0131n feryad\u0131 y\u00fcrekleri da\u011flad\u0131.<br \/>\n<br \/>Kazayla ilgili tahkikat ba\u015flat\u0131ld\u0131.<br \/><\/p>\n","protected":false},"excerpt":{"rendered":"<p>Burdur\u2019da motosikletin bariyere \u00e7arpmas\u0131 sonucu meydana gelen kazada s\u00fcr\u00fcc\u00fc hayat\u0131n\u0131 kaybetti. Olay yerine gelen amcas\u0131 ise s\u00fcr\u00fcc\u00fcy\u00fc ayakkab\u0131s\u0131ndan tan\u0131d\u0131. Kaza, saat 16.30 s\u0131ralar\u0131nda Burdur-Afyonkarahisar karayolu \u00fczerinde meydana geldi. Edinilen bilgiye g\u00f6re, Mustafa \u015eahin (29) idaresindeki 15 AAY 048 plakal\u0131 motosiklet, s\u00fcr\u00fcc\u00fcn\u00fcn direksiyon hakimiyetini kaybetmesi bariyere \u00e7arp\u0131p devrildi. Kaza motosiklet s\u00fcr\u00fcc\u00fcs\u00fc olay yerinde hayat\u0131n\u0131 kaybederken, ihbar&#8230;<\/p>\n","protected":false},"author":1,"featured_media":57585,"comment_status":"open","ping_status":"open","sticky":false,"template":"","format":"standard","meta":{"_crdt_document":"","footnotes":""},"categories":[5],"tags":[],"class_list":["post-57584","post","type-post","status-publish","format-standard","has-post-thumbnail","hentry","category-asayis"],"_links":{"self":[{"href":"https:\/\/www.egemtv.com\/index.php?rest_route=\/wp\/v2\/posts\/57584","targetHints":{"allow":["GET"]}}],"collection":[{"href":"https:\/\/www.egemtv.com\/index.php?rest_route=\/wp\/v2\/posts"}],"about":[{"href":"https:\/\/www.egemtv.com\/index.php?rest_route=\/wp\/v2\/types\/post"}],"author":[{"embeddable":true,"href":"https:\/\/www.egemtv.com\/index.php?rest_route=\/wp\/v2\/users\/1"}],"replies":[{"embeddable":true,"href":"https:\/\/www.egemtv.com\/index.php?rest_route=%2Fwp%2Fv2%2Fcomments&post=57584"}],"version-history":[{"count":1,"href":"https:\/\/www.egemtv.com\/index.php?rest_route=\/wp\/v2\/posts\/57584\/revisions"}],"predecessor-version":[{"id":57586,"href":"https:\/\/www.egemtv.com\/index.php?rest_route=\/wp\/v2\/posts\/57584\/revisions\/57586"}],"wp:featuredmedia":[{"embeddable":true,"href":"https:\/\/www.egemtv.com\/index.php?rest_route=\/wp\/v2\/media\/57585"}],"wp:attachment":[{"href":"https:\/\/www.egemtv.com\/index.php?rest_route=%2Fwp%2Fv2%2Fmedia&parent=57584"}],"wp:term":[{"taxonomy":"category","embeddable":true,"href":"https:\/\/www.egemtv.com\/index.php?rest_route=%2Fwp%2Fv2%2Fcategories&post=57584"},{"taxonomy":"post_tag","embeddable":true,"href":"https:\/\/www.egemtv.com\/index.php?rest_route=%2Fwp%2Fv2%2Ftags&post=57584"}],"curies":[{"name":"wp","href":"https:\/\/api.w.org\/{rel}","templated":true}]}}