{"id":57581,"date":"2025-09-26T18:14:45","date_gmt":"2025-09-26T15:14:45","guid":{"rendered":"https:\/\/www.egemtv.com\/?p=57581"},"modified":"2025-09-26T18:14:46","modified_gmt":"2025-09-26T15:14:46","slug":"mentesede-donerci-bacasinda-yangin-panigi","status":"publish","type":"post","link":"https:\/\/www.egemtv.com\/?p=57581","title":{"rendered":"Mente\u015fe\u2019de d\u00f6nerci bacas\u0131nda yang\u0131n pani\u011fi"},"content":{"rendered":"<p>Mente\u015fe Recai G\u00fcreli Caddesi\u2019nde bir d\u00f6nercinin bacas\u0131nda \u00e7\u0131kan yang\u0131n k\u0131sa s\u00fcreli pani\u011fe neden oldu. Mu\u011fla B\u00fcy\u00fck\u015fehir Belediyesi itfaiye ekiplerinin m\u00fcdahalesiyle alevler s\u00f6nd\u00fcr\u00fcld\u00fc.<\/p>\n<p>Yang\u0131n, Recai G\u00fcreli Caddesi\u2019ndeki d\u00f6nercide meydana geldi. Edinilen bilgiye g\u00f6re, cadde \u00fczerindeki bir d\u00f6nercinin bacas\u0131nda yang\u0131n \u00e7\u0131kt\u0131. Durumu fark eden vatanda\u015flar itfaiye ekiplerine haber verdi. Olay yerine sevk edilen Mu\u011fla B\u00fcy\u00fck\u015fehir Belediyesi itfaiye ekipleri, yang\u0131na k\u0131sa s\u00fcrede m\u00fcdahale ederek alevleri kontrol alt\u0131na ald\u0131. Yang\u0131n\u0131n ard\u0131ndan ekipler so\u011futma \u00e7al\u0131\u015fmalar\u0131n\u0131 s\u00fcrd\u00fcr\u00fcyor. Tedbir amac\u0131yla sa\u011fl\u0131k ekipleri de b\u00f6lgeye y\u00f6nlendirilirken, cadde k\u0131sa s\u00fcreli\u011fine trafi\u011fe kapat\u0131ld\u0131.<br \/><\/p>\n","protected":false},"excerpt":{"rendered":"<p>Mente\u015fe Recai G\u00fcreli Caddesi\u2019nde bir d\u00f6nercinin bacas\u0131nda \u00e7\u0131kan yang\u0131n k\u0131sa s\u00fcreli pani\u011fe neden oldu. Mu\u011fla B\u00fcy\u00fck\u015fehir Belediyesi itfaiye ekiplerinin m\u00fcdahalesiyle alevler s\u00f6nd\u00fcr\u00fcld\u00fc. Yang\u0131n, Recai G\u00fcreli Caddesi\u2019ndeki d\u00f6nercide meydana geldi. Edinilen bilgiye g\u00f6re, cadde \u00fczerindeki bir d\u00f6nercinin bacas\u0131nda yang\u0131n \u00e7\u0131kt\u0131. Durumu fark eden vatanda\u015flar itfaiye ekiplerine haber verdi. Olay yerine sevk edilen Mu\u011fla B\u00fcy\u00fck\u015fehir Belediyesi itfaiye&#8230;<\/p>\n","protected":false},"author":1,"featured_media":57582,"comment_status":"open","ping_status":"open","sticky":false,"template":"","format":"standard","meta":{"_crdt_document":"","footnotes":""},"categories":[5],"tags":[],"class_list":["post-57581","post","type-post","status-publish","format-standard","has-post-thumbnail","hentry","category-asayis"],"_links":{"self":[{"href":"https:\/\/www.egemtv.com\/index.php?rest_route=\/wp\/v2\/posts\/57581","targetHints":{"allow":["GET"]}}],"collection":[{"href":"https:\/\/www.egemtv.com\/index.php?rest_route=\/wp\/v2\/posts"}],"about":[{"href":"https:\/\/www.egemtv.com\/index.php?rest_route=\/wp\/v2\/types\/post"}],"author":[{"embeddable":true,"href":"https:\/\/www.egemtv.com\/index.php?rest_route=\/wp\/v2\/users\/1"}],"replies":[{"embeddable":true,"href":"https:\/\/www.egemtv.com\/index.php?rest_route=%2Fwp%2Fv2%2Fcomments&post=57581"}],"version-history":[{"count":1,"href":"https:\/\/www.egemtv.com\/index.php?rest_route=\/wp\/v2\/posts\/57581\/revisions"}],"predecessor-version":[{"id":57583,"href":"https:\/\/www.egemtv.com\/index.php?rest_route=\/wp\/v2\/posts\/57581\/revisions\/57583"}],"wp:featuredmedia":[{"embeddable":true,"href":"https:\/\/www.egemtv.com\/index.php?rest_route=\/wp\/v2\/media\/57582"}],"wp:attachment":[{"href":"https:\/\/www.egemtv.com\/index.php?rest_route=%2Fwp%2Fv2%2Fmedia&parent=57581"}],"wp:term":[{"taxonomy":"category","embeddable":true,"href":"https:\/\/www.egemtv.com\/index.php?rest_route=%2Fwp%2Fv2%2Fcategories&post=57581"},{"taxonomy":"post_tag","embeddable":true,"href":"https:\/\/www.egemtv.com\/index.php?rest_route=%2Fwp%2Fv2%2Ftags&post=57581"}],"curies":[{"name":"wp","href":"https:\/\/api.w.org\/{rel}","templated":true}]}}