{"id":57578,"date":"2025-09-26T18:14:44","date_gmt":"2025-09-26T15:14:44","guid":{"rendered":"https:\/\/www.egemtv.com\/?p=57578"},"modified":"2025-09-26T18:14:45","modified_gmt":"2025-09-26T15:14:45","slug":"baskan-cercioglu-vali-canbolati-agirladi","status":"publish","type":"post","link":"https:\/\/www.egemtv.com\/?p=57578","title":{"rendered":"Ba\u015fkan \u00c7er\u00e7io\u011flu, Vali Canbolat\u2019\u0131 a\u011f\u0131rlad\u0131"},"content":{"rendered":"<p>Ayd\u0131n B\u00fcy\u00fck\u015fehir Belediye Ba\u015fkan\u0131 \u00d6zlem \u00c7er\u00e7io\u011flu\u2019na, Ayd\u0131n Valisi Yakup Canbolat nezaket ziyaretinde bulundu.<br \/>\n<br \/>Ziyarette Canbolat, \u00c7er\u00e7io\u011flu\u2019nu Ayd\u0131n\u2019da ger\u00e7ekle\u015ftirdi\u011fi ba\u015far\u0131l\u0131 \u00e7al\u0131\u015fmalar\u0131ndan dolay\u0131 tebrik etti ve ba\u015far\u0131lar\u0131n\u0131n devam\u0131n\u0131 diledi. \u00c7er\u00e7io\u011flu ise Vali Canbolat\u2019a nazik ziyaretleri i\u00e7in te\u015fekk\u00fcr etti.<br \/><\/p>\n","protected":false},"excerpt":{"rendered":"<p>Ayd\u0131n B\u00fcy\u00fck\u015fehir Belediye Ba\u015fkan\u0131 \u00d6zlem \u00c7er\u00e7io\u011flu\u2019na, Ayd\u0131n Valisi Yakup Canbolat nezaket ziyaretinde bulundu. Ziyarette Canbolat, \u00c7er\u00e7io\u011flu\u2019nu Ayd\u0131n\u2019da ger\u00e7ekle\u015ftirdi\u011fi ba\u015far\u0131l\u0131 \u00e7al\u0131\u015fmalar\u0131ndan dolay\u0131 tebrik etti ve ba\u015far\u0131lar\u0131n\u0131n devam\u0131n\u0131 diledi. \u00c7er\u00e7io\u011flu ise Vali Canbolat\u2019a nazik ziyaretleri i\u00e7in te\u015fekk\u00fcr etti.<\/p>\n","protected":false},"author":1,"featured_media":57579,"comment_status":"open","ping_status":"open","sticky":false,"template":"","format":"standard","meta":{"_crdt_document":"","footnotes":""},"categories":[1],"tags":[],"class_list":["post-57578","post","type-post","status-publish","format-standard","has-post-thumbnail","hentry","category-guncel"],"_links":{"self":[{"href":"https:\/\/www.egemtv.com\/index.php?rest_route=\/wp\/v2\/posts\/57578","targetHints":{"allow":["GET"]}}],"collection":[{"href":"https:\/\/www.egemtv.com\/index.php?rest_route=\/wp\/v2\/posts"}],"about":[{"href":"https:\/\/www.egemtv.com\/index.php?rest_route=\/wp\/v2\/types\/post"}],"author":[{"embeddable":true,"href":"https:\/\/www.egemtv.com\/index.php?rest_route=\/wp\/v2\/users\/1"}],"replies":[{"embeddable":true,"href":"https:\/\/www.egemtv.com\/index.php?rest_route=%2Fwp%2Fv2%2Fcomments&post=57578"}],"version-history":[{"count":1,"href":"https:\/\/www.egemtv.com\/index.php?rest_route=\/wp\/v2\/posts\/57578\/revisions"}],"predecessor-version":[{"id":57580,"href":"https:\/\/www.egemtv.com\/index.php?rest_route=\/wp\/v2\/posts\/57578\/revisions\/57580"}],"wp:featuredmedia":[{"embeddable":true,"href":"https:\/\/www.egemtv.com\/index.php?rest_route=\/wp\/v2\/media\/57579"}],"wp:attachment":[{"href":"https:\/\/www.egemtv.com\/index.php?rest_route=%2Fwp%2Fv2%2Fmedia&parent=57578"}],"wp:term":[{"taxonomy":"category","embeddable":true,"href":"https:\/\/www.egemtv.com\/index.php?rest_route=%2Fwp%2Fv2%2Fcategories&post=57578"},{"taxonomy":"post_tag","embeddable":true,"href":"https:\/\/www.egemtv.com\/index.php?rest_route=%2Fwp%2Fv2%2Ftags&post=57578"}],"curies":[{"name":"wp","href":"https:\/\/api.w.org\/{rel}","templated":true}]}}