{"id":57575,"date":"2025-09-26T17:55:26","date_gmt":"2025-09-26T14:55:26","guid":{"rendered":"https:\/\/www.egemtv.com\/?p=57575"},"modified":"2025-09-26T17:55:27","modified_gmt":"2025-09-26T14:55:27","slug":"baskan-cercioglu-itfaiye-haftasini-kutladi","status":"publish","type":"post","link":"https:\/\/www.egemtv.com\/?p=57575","title":{"rendered":"Ba\u015fkan \u00c7er\u00e7io\u011flu, \u0130tfaiye Haftas\u0131\u2019n\u0131 kutlad\u0131"},"content":{"rendered":"<p>Ayd\u0131n B\u00fcy\u00fck\u015fehir Belediye Ba\u015fkan\u0131 \u00d6zlem \u00c7er\u00e7io\u011flu, \u0130tfaiye Haftas\u0131 nedeniyle B\u00fcy\u00fck\u015fehir Belediyesi\u2019ne ba\u011fl\u0131 \u0130tfaiye Daire Ba\u015fkanl\u0131\u011f\u0131 ekiplerini a\u011f\u0131rlad\u0131.<\/p>\n<p>Ziyarette, B\u00fcy\u00fck\u015fehir Belediyesi \u0130tfaiye Daire Ba\u015fkan\u0131 Taner G\u00fcnhan ve ekipler, desteklerinden dolay\u0131 Ba\u015fkan \u00c7er\u00e7io\u011flu\u2019na te\u015fekk\u00fcr etti. Ayd\u0131n ba\u015fta olmak \u00fczere T\u00fcrkiye\u2019nin d\u00f6rt bir yan\u0131nda yang\u0131nlara m\u00fcdahale eden ate\u015f sava\u015f\u00e7\u0131lar\u0131n\u0131n \u0130tfaiye Haftas\u0131\u2019n\u0131 kutlayan Ba\u015fkan \u00c7er\u00e7io\u011flu, &#8220;Ate\u015f sava\u015f\u00e7\u0131lar\u0131m\u0131z mesai mefhumu g\u00f6zetmeksizin kentimizde \u00e7\u0131kan yang\u0131nlar ve afetler ile kahramanca m\u00fccadele etmeye devam ediyor. \u0130tfaiye ekiplerimizin her zaman yan\u0131nday\u0131z, yanlar\u0131nda olmaya devam edece\u011fiz. Ba\u015fta B\u00fcy\u00fck\u015fehir Belediyesi \u0130tfaiye Daire Ba\u015fkanl\u0131\u011f\u0131 ekiplerimiz olmak \u00fczere t\u00fcm itfaiyecilerimizin haftas\u0131 kutlu olsun&#8221; dedi. Ba\u015fkan \u00c7er\u00e7io\u011flu, ziyaretlerinden dolay\u0131 itfaiye ekiplerine te\u015fekk\u00fcr etti.<br \/><\/p>\n","protected":false},"excerpt":{"rendered":"<p>Ayd\u0131n B\u00fcy\u00fck\u015fehir Belediye Ba\u015fkan\u0131 \u00d6zlem \u00c7er\u00e7io\u011flu, \u0130tfaiye Haftas\u0131 nedeniyle B\u00fcy\u00fck\u015fehir Belediyesi\u2019ne ba\u011fl\u0131 \u0130tfaiye Daire Ba\u015fkanl\u0131\u011f\u0131 ekiplerini a\u011f\u0131rlad\u0131. Ziyarette, B\u00fcy\u00fck\u015fehir Belediyesi \u0130tfaiye Daire Ba\u015fkan\u0131 Taner G\u00fcnhan ve ekipler, desteklerinden dolay\u0131 Ba\u015fkan \u00c7er\u00e7io\u011flu\u2019na te\u015fekk\u00fcr etti. Ayd\u0131n ba\u015fta olmak \u00fczere T\u00fcrkiye\u2019nin d\u00f6rt bir yan\u0131nda yang\u0131nlara m\u00fcdahale eden ate\u015f sava\u015f\u00e7\u0131lar\u0131n\u0131n \u0130tfaiye Haftas\u0131\u2019n\u0131 kutlayan Ba\u015fkan \u00c7er\u00e7io\u011flu, &#8220;Ate\u015f sava\u015f\u00e7\u0131lar\u0131m\u0131z mesai mefhumu&#8230;<\/p>\n","protected":false},"author":1,"featured_media":57576,"comment_status":"open","ping_status":"open","sticky":false,"template":"","format":"standard","meta":{"_crdt_document":"","footnotes":""},"categories":[1],"tags":[],"class_list":["post-57575","post","type-post","status-publish","format-standard","has-post-thumbnail","hentry","category-guncel"],"_links":{"self":[{"href":"https:\/\/www.egemtv.com\/index.php?rest_route=\/wp\/v2\/posts\/57575","targetHints":{"allow":["GET"]}}],"collection":[{"href":"https:\/\/www.egemtv.com\/index.php?rest_route=\/wp\/v2\/posts"}],"about":[{"href":"https:\/\/www.egemtv.com\/index.php?rest_route=\/wp\/v2\/types\/post"}],"author":[{"embeddable":true,"href":"https:\/\/www.egemtv.com\/index.php?rest_route=\/wp\/v2\/users\/1"}],"replies":[{"embeddable":true,"href":"https:\/\/www.egemtv.com\/index.php?rest_route=%2Fwp%2Fv2%2Fcomments&post=57575"}],"version-history":[{"count":1,"href":"https:\/\/www.egemtv.com\/index.php?rest_route=\/wp\/v2\/posts\/57575\/revisions"}],"predecessor-version":[{"id":57577,"href":"https:\/\/www.egemtv.com\/index.php?rest_route=\/wp\/v2\/posts\/57575\/revisions\/57577"}],"wp:featuredmedia":[{"embeddable":true,"href":"https:\/\/www.egemtv.com\/index.php?rest_route=\/wp\/v2\/media\/57576"}],"wp:attachment":[{"href":"https:\/\/www.egemtv.com\/index.php?rest_route=%2Fwp%2Fv2%2Fmedia&parent=57575"}],"wp:term":[{"taxonomy":"category","embeddable":true,"href":"https:\/\/www.egemtv.com\/index.php?rest_route=%2Fwp%2Fv2%2Fcategories&post=57575"},{"taxonomy":"post_tag","embeddable":true,"href":"https:\/\/www.egemtv.com\/index.php?rest_route=%2Fwp%2Fv2%2Ftags&post=57575"}],"curies":[{"name":"wp","href":"https:\/\/api.w.org\/{rel}","templated":true}]}}