{"id":57569,"date":"2025-09-26T17:15:12","date_gmt":"2025-09-26T14:15:12","guid":{"rendered":"https:\/\/www.egemtv.com\/?p=57569"},"modified":"2025-09-26T17:15:13","modified_gmt":"2025-09-26T14:15:13","slug":"hisarcikta-geleneksel-yagmur-duasi","status":"publish","type":"post","link":"https:\/\/www.egemtv.com\/?p=57569","title":{"rendered":"Hisarc\u0131k\u2019ta geleneksel ya\u011fmur duas\u0131"},"content":{"rendered":"<p>K\u00fctahya\u2019n\u0131n Hisarc\u0131k il\u00e7esinde geleneksel ya\u011fmur duas\u0131 ger\u00e7ekle\u015ftirildi.<br \/>\n<br \/>Kapal\u0131 pazar yerinde sabah saatlerinde ba\u015flayan etkinlikte M\u00fcft\u00fc H\u00fcseyin Demirci vaaz verdi. Din g\u00f6revlileri g\u00f6revlileri taraf\u0131ndan Kur\u2019an-\u0131 Kerim ve ilahiler okundu. Topluca k\u0131l\u0131nan Cuma namaz\u0131n\u0131n ard\u0131ndan \u0130l\u00e7e M\u00fcft\u00fcs\u00fc H\u00fcseyin Demirci taraf\u0131ndan ya\u011fmur duas\u0131 yap\u0131ld\u0131.<br \/>\n<br \/>Ya\u011fmur duas\u0131na, Belediye Ba\u015fkan\u0131 Mustafa Demirta\u015f, \u0130l\u00e7e Emniyet Amiri Ayhan Ist\u0131k, \u0130l\u00e7e Jandarma Komutan\u0131 \u00dcste\u011fmen Kaan Nayman, \u0130l\u00e7e M\u00fcft\u00fcs\u00fc H\u00fcseyin Demirci ile \u00e7evre il\u00e7e ve k\u00f6ylerden gelen vatanda\u015flar kat\u0131ld\u0131.<br \/>\n<br \/>3 \u00e7ocu\u011funda s\u00fcnnet ettirildi\u011fi etkinlikte halka etli pilav, helva ve ayran ikram edildi<br \/><\/p>\n","protected":false},"excerpt":{"rendered":"<p>K\u00fctahya\u2019n\u0131n Hisarc\u0131k il\u00e7esinde geleneksel ya\u011fmur duas\u0131 ger\u00e7ekle\u015ftirildi. Kapal\u0131 pazar yerinde sabah saatlerinde ba\u015flayan etkinlikte M\u00fcft\u00fc H\u00fcseyin Demirci vaaz verdi. Din g\u00f6revlileri g\u00f6revlileri taraf\u0131ndan Kur\u2019an-\u0131 Kerim ve ilahiler okundu. Topluca k\u0131l\u0131nan Cuma namaz\u0131n\u0131n ard\u0131ndan \u0130l\u00e7e M\u00fcft\u00fcs\u00fc H\u00fcseyin Demirci taraf\u0131ndan ya\u011fmur duas\u0131 yap\u0131ld\u0131. Ya\u011fmur duas\u0131na, Belediye Ba\u015fkan\u0131 Mustafa Demirta\u015f, \u0130l\u00e7e Emniyet Amiri Ayhan Ist\u0131k, \u0130l\u00e7e Jandarma Komutan\u0131&#8230;<\/p>\n","protected":false},"author":1,"featured_media":57570,"comment_status":"open","ping_status":"open","sticky":false,"template":"","format":"standard","meta":{"_crdt_document":"","footnotes":""},"categories":[123],"tags":[],"class_list":["post-57569","post","type-post","status-publish","format-standard","has-post-thumbnail","hentry","category-gundem"],"_links":{"self":[{"href":"https:\/\/www.egemtv.com\/index.php?rest_route=\/wp\/v2\/posts\/57569","targetHints":{"allow":["GET"]}}],"collection":[{"href":"https:\/\/www.egemtv.com\/index.php?rest_route=\/wp\/v2\/posts"}],"about":[{"href":"https:\/\/www.egemtv.com\/index.php?rest_route=\/wp\/v2\/types\/post"}],"author":[{"embeddable":true,"href":"https:\/\/www.egemtv.com\/index.php?rest_route=\/wp\/v2\/users\/1"}],"replies":[{"embeddable":true,"href":"https:\/\/www.egemtv.com\/index.php?rest_route=%2Fwp%2Fv2%2Fcomments&post=57569"}],"version-history":[{"count":1,"href":"https:\/\/www.egemtv.com\/index.php?rest_route=\/wp\/v2\/posts\/57569\/revisions"}],"predecessor-version":[{"id":57571,"href":"https:\/\/www.egemtv.com\/index.php?rest_route=\/wp\/v2\/posts\/57569\/revisions\/57571"}],"wp:featuredmedia":[{"embeddable":true,"href":"https:\/\/www.egemtv.com\/index.php?rest_route=\/wp\/v2\/media\/57570"}],"wp:attachment":[{"href":"https:\/\/www.egemtv.com\/index.php?rest_route=%2Fwp%2Fv2%2Fmedia&parent=57569"}],"wp:term":[{"taxonomy":"category","embeddable":true,"href":"https:\/\/www.egemtv.com\/index.php?rest_route=%2Fwp%2Fv2%2Fcategories&post=57569"},{"taxonomy":"post_tag","embeddable":true,"href":"https:\/\/www.egemtv.com\/index.php?rest_route=%2Fwp%2Fv2%2Ftags&post=57569"}],"curies":[{"name":"wp","href":"https:\/\/api.w.org\/{rel}","templated":true}]}}