{"id":57566,"date":"2025-09-26T17:15:11","date_gmt":"2025-09-26T14:15:11","guid":{"rendered":"https:\/\/www.egemtv.com\/?p=57566"},"modified":"2025-09-26T17:15:12","modified_gmt":"2025-09-26T14:15:12","slug":"denizlili-sporcu-dunya-sampiyonasinda-finalde","status":"publish","type":"post","link":"https:\/\/www.egemtv.com\/?p=57566","title":{"rendered":"Denizlili sporcu D\u00fcnya \u015eampiyonas\u0131nda finalde"},"content":{"rendered":"<p>G\u00fcney Kore\u2019de devam eden Dart D\u00fcnya \u015eampiyonas\u0131\u2019nda ayy\u0131ld\u0131zl\u0131 formayla yar\u0131\u015fan Denizlili sporcu Ay\u015feg\u00fcl Karag\u00f6z, nama\u011flup ma\u00e7lar sonunda finale y\u00fckseldi. 27 Eyl\u00fcl Cumartesi g\u00fcn\u00fc Finlandiyal\u0131 rakibiyle alt\u0131n madalya i\u00e7in kar\u015f\u0131la\u015facak olan Ay\u015feg\u00fcl, T\u00fcrkiye\u2019nin gururu olarak tarihe ge\u00e7mek istiyor.<\/p>\n<p>2025 y\u0131l\u0131 D\u00fcnya Dart Kupas\u0131 23-27 Eyl\u00fcl 2025 tarihleri aras\u0131nda G\u00fcney Kore\u2019nin Goyang kentinde ger\u00e7ekle\u015fiyor. D\u00fcnyan\u0131n d\u00f6rt bir yan\u0131ndan gelen g\u00fc\u00e7l\u00fc rakiplerin m\u00fccadele etti\u011fi organizasyonda \u00fclkemizi temsil eden Millilerimiz ba\u015far\u0131l\u0131 sonu\u00e7lara imza at\u0131yor. Son d\u00f6nemde Denizli\u2019nin T\u00fcrk Sporuna kazand\u0131rd\u0131\u011f\u0131 Milli Sporculardan Ay\u015feg\u00fcl Karag\u00f6z, Tek K\u0131zlar kategorisinde rakiplerini bir bir yenerek nama\u011flup finale y\u00fckseldi. Grup ma\u00e7lar\u0131n\u0131 lider tamamlayan gen\u00e7 sporcu, son 16 turunda \u00c7inli sporcuyu 3-1, \u00e7eyrek finalde Yeni Zelandal\u0131 sporcuyu 3-0, yar\u0131 finalde ise Mo\u011fol sporcuyu 4-2 yenerek finalde Finlandiyal\u0131 sporcu Lida Lanko\u2019nun rakibi oldu.<\/p>\n<p>Denizli Necla &#8211; Ergun Abal\u0131o\u011flu Ticaret Mesleki ve Teknik Anadolu Lisesi 10. s\u0131n\u0131f \u00f6\u011frencisi Ay\u015feg\u00fcl Karag\u00f6z, gen\u00e7 ya\u015f\u0131nda elde etti\u011fi ba\u015far\u0131lar\u0131yla dikkat \u00e7ekiyor. 5. S\u0131n\u0131fta dart sporuna ba\u015flayan Ay\u015feg\u00fcl Karag\u00f6z, ortaya koydu\u011fu kararl\u0131l\u0131k, yetenek ve disiplinle \u00f6rnek bir sporcu profili \u00e7iziyor. Son olarak Hollanda\u2019da d\u00fczenlenen Avrupa Dart \u015eampiyonas\u0131\u2019nda tak\u0131m halinde Avrupa \u015eampiyonlu\u011funa uzanan gen\u00e7 sporcu, kariyerine yeni bir zafer eklemek i\u00e7in sab\u0131rs\u0131zlan\u0131yor.<\/p>\n<p>Denizlili gen\u00e7 sporcu Ay\u015feg\u00fcl Karag\u00f6z\u2019e arkada\u015flar\u0131 ve sevenleri taraf\u0131ndan sosyal medyadan destek mesajlar\u0131 ya\u011f\u0131yor. D\u00fcnya Kupas\u0131 finalinde 27 Eyl\u00fcl Cumartesi g\u00fcn\u00fc alt\u0131n madalya ma\u00e7\u0131na \u00e7\u0131kacak Ay\u015feg\u00fcl Karag\u00f6z, binlerce km. uzaktan kendisine destek olan, inanan ve dua eden herkese te\u015fekk\u00fcr etti.<br \/><\/p>\n","protected":false},"excerpt":{"rendered":"<p>G\u00fcney Kore\u2019de devam eden Dart D\u00fcnya \u015eampiyonas\u0131\u2019nda ayy\u0131ld\u0131zl\u0131 formayla yar\u0131\u015fan Denizlili sporcu Ay\u015feg\u00fcl Karag\u00f6z, nama\u011flup ma\u00e7lar sonunda finale y\u00fckseldi. 27 Eyl\u00fcl Cumartesi g\u00fcn\u00fc Finlandiyal\u0131 rakibiyle alt\u0131n madalya i\u00e7in kar\u015f\u0131la\u015facak olan Ay\u015feg\u00fcl, T\u00fcrkiye\u2019nin gururu olarak tarihe ge\u00e7mek istiyor. 2025 y\u0131l\u0131 D\u00fcnya Dart Kupas\u0131 23-27 Eyl\u00fcl 2025 tarihleri aras\u0131nda G\u00fcney Kore\u2019nin Goyang kentinde ger\u00e7ekle\u015fiyor. D\u00fcnyan\u0131n d\u00f6rt bir&#8230;<\/p>\n","protected":false},"author":1,"featured_media":57567,"comment_status":"open","ping_status":"open","sticky":false,"template":"","format":"standard","meta":{"_crdt_document":"","footnotes":""},"categories":[4],"tags":[],"class_list":["post-57566","post","type-post","status-publish","format-standard","has-post-thumbnail","hentry","category-spor"],"_links":{"self":[{"href":"https:\/\/www.egemtv.com\/index.php?rest_route=\/wp\/v2\/posts\/57566","targetHints":{"allow":["GET"]}}],"collection":[{"href":"https:\/\/www.egemtv.com\/index.php?rest_route=\/wp\/v2\/posts"}],"about":[{"href":"https:\/\/www.egemtv.com\/index.php?rest_route=\/wp\/v2\/types\/post"}],"author":[{"embeddable":true,"href":"https:\/\/www.egemtv.com\/index.php?rest_route=\/wp\/v2\/users\/1"}],"replies":[{"embeddable":true,"href":"https:\/\/www.egemtv.com\/index.php?rest_route=%2Fwp%2Fv2%2Fcomments&post=57566"}],"version-history":[{"count":1,"href":"https:\/\/www.egemtv.com\/index.php?rest_route=\/wp\/v2\/posts\/57566\/revisions"}],"predecessor-version":[{"id":57568,"href":"https:\/\/www.egemtv.com\/index.php?rest_route=\/wp\/v2\/posts\/57566\/revisions\/57568"}],"wp:featuredmedia":[{"embeddable":true,"href":"https:\/\/www.egemtv.com\/index.php?rest_route=\/wp\/v2\/media\/57567"}],"wp:attachment":[{"href":"https:\/\/www.egemtv.com\/index.php?rest_route=%2Fwp%2Fv2%2Fmedia&parent=57566"}],"wp:term":[{"taxonomy":"category","embeddable":true,"href":"https:\/\/www.egemtv.com\/index.php?rest_route=%2Fwp%2Fv2%2Fcategories&post=57566"},{"taxonomy":"post_tag","embeddable":true,"href":"https:\/\/www.egemtv.com\/index.php?rest_route=%2Fwp%2Fv2%2Ftags&post=57566"}],"curies":[{"name":"wp","href":"https:\/\/api.w.org\/{rel}","templated":true}]}}