{"id":57563,"date":"2025-09-26T17:15:09","date_gmt":"2025-09-26T14:15:09","guid":{"rendered":"https:\/\/www.egemtv.com\/?p=57563"},"modified":"2025-09-26T17:15:10","modified_gmt":"2025-09-26T14:15:10","slug":"nazilli-belediyesinden-ciftcilere-ulasim-kolayligi","status":"publish","type":"post","link":"https:\/\/www.egemtv.com\/?p=57563","title":{"rendered":"Nazilli Belediyesi\u2019nden \u00e7ift\u00e7ilere ula\u015f\u0131m kolayl\u0131\u011f\u0131"},"content":{"rendered":"<p>Nazilli Belediyesi Fen \u0130\u015fleri M\u00fcd\u00fcrl\u00fc\u011f\u00fc ekipleri, Nazilli-Bozdo\u011fan g\u00fczergah\u0131ndaki ova yolunda kapsaml\u0131 bir \u00e7al\u0131\u015fma ger\u00e7ekle\u015ftirdi.<\/p>\n<p>\u00c7ift\u00e7ilerin s\u0131kl\u0131kla kulland\u0131\u011f\u0131 ancak zamanla bozulan ve ara\u00e7 ge\u00e7i\u015fini zorla\u015ft\u0131ran yol, i\u015f makineleri ile yeniden ula\u015f\u0131ma a\u00e7\u0131ld\u0131.<\/p>\n<p>\u00d6zellikle tar\u0131m sezonunda \u00fcreticilerin bah\u00e7elerine ula\u015fmak i\u00e7in yo\u011fun \u015fekilde kulland\u0131\u011f\u0131 ova yolu, yap\u0131lan m\u00fcdahaleyle hem daha g\u00fcvenli hem de daha konforlu hale getirildi. Yolun a\u00e7\u0131lmas\u0131yla birlikte \u00f6zellikle trakt\u00f6rler kullanan \u00e7ift\u00e7iler i\u00e7in b\u00fcy\u00fck rahatl\u0131k sa\u011flanm\u0131\u015f oldu.<\/p>\n<p>\u00c7al\u0131\u015fmalar\u0131n benzer alanlarda devam edece\u011fini dile getiren Nazilli Belediye Ba\u015fkan\u0131 Dr. Ertu\u011frul Tetik; &#8220;Tar\u0131msal \u00fcretime katk\u0131 sunan her t\u00fcrl\u00fc hizmeti \u00f6nemsiyoruz. \u00dcreticilerimizin ihtiya\u00e7 duydu\u011fu b\u00f6lgelerde yol iyile\u015ftirme \u00e7al\u0131\u015fmalar\u0131na devam edece\u011fiz. K\u0131rsal mahallelerde ve ova yollar\u0131nda ger\u00e7ekle\u015ftirdi\u011fimiz \u00e7al\u0131\u015fmalarla hem \u00fcreticilerimizin hem de vatanda\u015flar\u0131m\u0131z\u0131n ya\u015fam\u0131n\u0131 kolayla\u015ft\u0131rmay\u0131 s\u00fcrd\u00fcrece\u011fiz&#8221; ifadelerini kulland\u0131.<br \/><\/p>\n","protected":false},"excerpt":{"rendered":"<p>Nazilli Belediyesi Fen \u0130\u015fleri M\u00fcd\u00fcrl\u00fc\u011f\u00fc ekipleri, Nazilli-Bozdo\u011fan g\u00fczergah\u0131ndaki ova yolunda kapsaml\u0131 bir \u00e7al\u0131\u015fma ger\u00e7ekle\u015ftirdi. \u00c7ift\u00e7ilerin s\u0131kl\u0131kla kulland\u0131\u011f\u0131 ancak zamanla bozulan ve ara\u00e7 ge\u00e7i\u015fini zorla\u015ft\u0131ran yol, i\u015f makineleri ile yeniden ula\u015f\u0131ma a\u00e7\u0131ld\u0131. \u00d6zellikle tar\u0131m sezonunda \u00fcreticilerin bah\u00e7elerine ula\u015fmak i\u00e7in yo\u011fun \u015fekilde kulland\u0131\u011f\u0131 ova yolu, yap\u0131lan m\u00fcdahaleyle hem daha g\u00fcvenli hem de daha konforlu hale getirildi. Yolun&#8230;<\/p>\n","protected":false},"author":1,"featured_media":57564,"comment_status":"open","ping_status":"open","sticky":false,"template":"","format":"standard","meta":{"_crdt_document":"","footnotes":""},"categories":[1],"tags":[],"class_list":["post-57563","post","type-post","status-publish","format-standard","has-post-thumbnail","hentry","category-guncel"],"_links":{"self":[{"href":"https:\/\/www.egemtv.com\/index.php?rest_route=\/wp\/v2\/posts\/57563","targetHints":{"allow":["GET"]}}],"collection":[{"href":"https:\/\/www.egemtv.com\/index.php?rest_route=\/wp\/v2\/posts"}],"about":[{"href":"https:\/\/www.egemtv.com\/index.php?rest_route=\/wp\/v2\/types\/post"}],"author":[{"embeddable":true,"href":"https:\/\/www.egemtv.com\/index.php?rest_route=\/wp\/v2\/users\/1"}],"replies":[{"embeddable":true,"href":"https:\/\/www.egemtv.com\/index.php?rest_route=%2Fwp%2Fv2%2Fcomments&post=57563"}],"version-history":[{"count":1,"href":"https:\/\/www.egemtv.com\/index.php?rest_route=\/wp\/v2\/posts\/57563\/revisions"}],"predecessor-version":[{"id":57565,"href":"https:\/\/www.egemtv.com\/index.php?rest_route=\/wp\/v2\/posts\/57563\/revisions\/57565"}],"wp:featuredmedia":[{"embeddable":true,"href":"https:\/\/www.egemtv.com\/index.php?rest_route=\/wp\/v2\/media\/57564"}],"wp:attachment":[{"href":"https:\/\/www.egemtv.com\/index.php?rest_route=%2Fwp%2Fv2%2Fmedia&parent=57563"}],"wp:term":[{"taxonomy":"category","embeddable":true,"href":"https:\/\/www.egemtv.com\/index.php?rest_route=%2Fwp%2Fv2%2Fcategories&post=57563"},{"taxonomy":"post_tag","embeddable":true,"href":"https:\/\/www.egemtv.com\/index.php?rest_route=%2Fwp%2Fv2%2Ftags&post=57563"}],"curies":[{"name":"wp","href":"https:\/\/api.w.org\/{rel}","templated":true}]}}