{"id":57560,"date":"2025-09-26T16:56:03","date_gmt":"2025-09-26T13:56:03","guid":{"rendered":"https:\/\/www.egemtv.com\/?p=57560"},"modified":"2025-09-26T16:56:04","modified_gmt":"2025-09-26T13:56:04","slug":"manisa-fkda-bodrum-fk-macinda-hedef-3-puan","status":"publish","type":"post","link":"https:\/\/www.egemtv.com\/?p=57560","title":{"rendered":"Manisa FK\u2019da, Bodrum FK ma\u00e7\u0131nda hedef 3 puan"},"content":{"rendered":"<p>Trendyol 1. Lig 8. haftas\u0131nda Manisa Futbol Kul\u00fcb\u00fc, pazar g\u00fcn\u00fc evinde oynayacaklar\u0131 Bodrum FK kar\u015f\u0131la\u015fmas\u0131ndan galibiyetle ayr\u0131lmay\u0131 hedefliyor.<br \/>\n<br \/>Trendyol 1. Lig 8. haftas\u0131nda Manisa Futbol Kul\u00fcb\u00fc, 28 Eyl\u00fcl Pazar g\u00fcn\u00fc saat 16.00\u2019da sahas\u0131nda Bodrum FK ile kar\u015f\u0131la\u015facak. Deplasmandan Band\u0131rmaspor galibiyeti ile d\u00f6nen siyah-beyazl\u0131lar, haftay\u0131 galibiyetle kapatmak istiyor. Hakem Fevzi Erdem Akba\u015f\u2019\u0131n y\u00f6netece\u011fi m\u00fccadelede Akba\u015f\u2019\u0131n yard\u0131mc\u0131l\u0131klar\u0131n\u0131 Sezgin \u00c7\u0131nar ve Serdar Osman Akarsu yapacak. M\u00fccadelenin 4. hakemi ise Abdulbaki Ayy\u0131ld\u0131z olacak.<\/p>\n<p>Biletler sat\u0131\u015fa \u00e7\u0131kt\u0131<br \/>\n<br \/>Manisa FK &#8211; Bodrum FK m\u00fccadelesinin biletleri de sat\u0131\u015fa \u00e7\u0131kt\u0131. Taraftarlar, biletlerini www.passo.com.tr adresinden ve Passo mobil uygulamas\u0131 \u00fczerinden temin edebilecek. Kad\u0131n ve 18 ya\u015f alt\u0131 taraftarlar, her i\u00e7 saha ma\u00e7lar\u0131nda oldu\u011fu gibi Bodrum FK m\u00fccadelesini de \u00fccretsiz takip edebilecek. \u00dccretsiz biletler ma\u00e7 g\u00fcn\u00fc Passolig gi\u015felerinden tan\u0131mlanabilecek. Kar\u015f\u0131la\u015fman\u0131n bilet fiyatlar\u0131n\u0131n Kapal\u0131 Alt Trib\u00fcn i\u00e7in 45 TL, Misafir Trib\u00fcn\u00fc i\u00e7in ise 45 TL olarak belirlendi\u011fi \u00f6\u011frenildi.<\/p>\n<p>Kupadaki rakip Mu\u011flaspor oldu<br \/>\n<br \/>Manisa FK\u2019n\u0131n, Ziraat T\u00fcrkiye Kupas\u0131 3. turundaki rakibi de belli oldu. TFF Riva Hasan Do\u011fan Milli Tak\u0131mlar Kamp ve E\u011fitim Tesisleri\u2019nde yap\u0131lan kura \u00e7ekiminde siyah-beyazl\u0131lar, TFF 2. Lig Beyaz Grup ekibi Mu\u011flaspor ile e\u015fle\u015fti. Kar\u015f\u0131la\u015fma, Manisa 19 May\u0131s Stadyumu\u2019nda oynanacak. M\u00fccadelenin kesin g\u00fcn\u00fc ve saati ise \u00f6n\u00fcm\u00fczdeki g\u00fcnlerde a\u00e7\u0131klanacak.<br \/><\/p>\n","protected":false},"excerpt":{"rendered":"<p>Trendyol 1. Lig 8. haftas\u0131nda Manisa Futbol Kul\u00fcb\u00fc, pazar g\u00fcn\u00fc evinde oynayacaklar\u0131 Bodrum FK kar\u015f\u0131la\u015fmas\u0131ndan galibiyetle ayr\u0131lmay\u0131 hedefliyor. Trendyol 1. Lig 8. haftas\u0131nda Manisa Futbol Kul\u00fcb\u00fc, 28 Eyl\u00fcl Pazar g\u00fcn\u00fc saat 16.00\u2019da sahas\u0131nda Bodrum FK ile kar\u015f\u0131la\u015facak. Deplasmandan Band\u0131rmaspor galibiyeti ile d\u00f6nen siyah-beyazl\u0131lar, haftay\u0131 galibiyetle kapatmak istiyor. Hakem Fevzi Erdem Akba\u015f\u2019\u0131n y\u00f6netece\u011fi m\u00fccadelede Akba\u015f\u2019\u0131n yard\u0131mc\u0131l\u0131klar\u0131n\u0131&#8230;<\/p>\n","protected":false},"author":1,"featured_media":57561,"comment_status":"open","ping_status":"open","sticky":false,"template":"","format":"standard","meta":{"_crdt_document":"","footnotes":""},"categories":[4],"tags":[],"class_list":["post-57560","post","type-post","status-publish","format-standard","has-post-thumbnail","hentry","category-spor"],"_links":{"self":[{"href":"https:\/\/www.egemtv.com\/index.php?rest_route=\/wp\/v2\/posts\/57560","targetHints":{"allow":["GET"]}}],"collection":[{"href":"https:\/\/www.egemtv.com\/index.php?rest_route=\/wp\/v2\/posts"}],"about":[{"href":"https:\/\/www.egemtv.com\/index.php?rest_route=\/wp\/v2\/types\/post"}],"author":[{"embeddable":true,"href":"https:\/\/www.egemtv.com\/index.php?rest_route=\/wp\/v2\/users\/1"}],"replies":[{"embeddable":true,"href":"https:\/\/www.egemtv.com\/index.php?rest_route=%2Fwp%2Fv2%2Fcomments&post=57560"}],"version-history":[{"count":1,"href":"https:\/\/www.egemtv.com\/index.php?rest_route=\/wp\/v2\/posts\/57560\/revisions"}],"predecessor-version":[{"id":57562,"href":"https:\/\/www.egemtv.com\/index.php?rest_route=\/wp\/v2\/posts\/57560\/revisions\/57562"}],"wp:featuredmedia":[{"embeddable":true,"href":"https:\/\/www.egemtv.com\/index.php?rest_route=\/wp\/v2\/media\/57561"}],"wp:attachment":[{"href":"https:\/\/www.egemtv.com\/index.php?rest_route=%2Fwp%2Fv2%2Fmedia&parent=57560"}],"wp:term":[{"taxonomy":"category","embeddable":true,"href":"https:\/\/www.egemtv.com\/index.php?rest_route=%2Fwp%2Fv2%2Fcategories&post=57560"},{"taxonomy":"post_tag","embeddable":true,"href":"https:\/\/www.egemtv.com\/index.php?rest_route=%2Fwp%2Fv2%2Ftags&post=57560"}],"curies":[{"name":"wp","href":"https:\/\/api.w.org\/{rel}","templated":true}]}}