{"id":57557,"date":"2025-09-26T16:34:45","date_gmt":"2025-09-26T13:34:45","guid":{"rendered":"https:\/\/www.egemtv.com\/?p=57557"},"modified":"2025-09-26T16:34:46","modified_gmt":"2025-09-26T13:34:46","slug":"tavsanlida-mevlid-i-nebi-haftasi-kapsaminda-anlamli-toren","status":"publish","type":"post","link":"https:\/\/www.egemtv.com\/?p=57557","title":{"rendered":"Tav\u015fanl\u0131\u2019da Mevlid-i Nebi Haftas\u0131 kapsam\u0131nda anlaml\u0131 t\u00f6ren"},"content":{"rendered":"<p>K\u00fctahya\u2019n\u0131n Tav\u015fanl\u0131 \u0130l\u00e7esinde M\u00fcft\u00fcl\u00fc\u011f\u00fcn organizasyonu ile ger\u00e7ekle\u015ftirilen etkinlik, din g\u00f6revlileri, \u00f6\u011frenciler ve \u00e7ok say\u0131da vatanda\u015f\u0131n kat\u0131l\u0131m\u0131yla ger\u00e7ekle\u015fti.<br \/>\n<br \/>Program, \u0130stiklal Mar\u015f\u0131\u2019n\u0131n okunmas\u0131 ve Kavakl\u0131 Erkek Kur\u2019an Kursu \u00f6\u011freticisi Kadir Erg\u00fcn\u2019\u00fcn Kur\u2019an-\u0131 Kerim tilaveti ile ba\u015flad\u0131. Ard\u0131ndan Din Hizmetleri Genel M\u00fcd\u00fcrl\u00fc\u011f\u00fc taraf\u0131ndan haz\u0131rlanan &#8220;Peygamberimiz ve Aile Ahlak\u0131&#8221; konulu sinevizyon g\u00f6sterimi sunuldu.<br \/>\n<br \/>\u0130l\u00e7e M\u00fcft\u00fcs\u00fc Mevl\u00fct Hakan Asan, a\u00e7\u0131l\u0131\u015f konu\u015fmas\u0131nda \u015funlar\u0131 s\u00f6yledi: &#8220;Tav\u015fanl\u0131 M\u00fcft\u00fcl\u00fc\u011f\u00fc olarak peygamber efendimizin do\u011fumunun 1500. y\u0131l\u0131 nedeniyle bu program\u0131 d\u00fczenledik. Diyanet \u0130\u015fleri Ba\u015fkanl\u0131\u011f\u0131\u2019m\u0131z\u0131n tavsiyeleri do\u011frultusunda anmak, anlamak ve anlatmak i\u00e7in y\u0131l boyunca \u00e7e\u015fitli etkinlikler ger\u00e7ekle\u015ftirece\u011fiz. Gen\u00e7lerimize, han\u0131m karde\u015flerimize ve cemaatimize en iyi \u015fekilde ula\u015fmay\u0131 hedefliyoruz. \u00c7ocuklar\u0131m\u0131z\u0131n bu de\u011ferlerle bulu\u015fmas\u0131 \u00e7ok \u00f6nemli. Din g\u00f6revlisi arkada\u015flar\u0131m\u0131z g\u00f6n\u00fcllere girerek \u00e7al\u0131\u015fmalar\u0131n\u0131 s\u00fcrd\u00fcrecek.&#8221;<br \/>\n<br \/>Etkinlik, K\u00fctahya \u0130l M\u00fcft\u00fcs\u00fc Dr. \u0130rfan A\u00e7\u0131k\u2019\u0131n verdi\u011fi Do\u011fumunun 1500. Y\u0131l\u0131nda \u00c2lemlere Rahmet Hz. Muhammed (SAV)&#8221; konulu konferans ile devam etti.<br \/>\n<br \/>Program\u0131n sonunda, Ramazan ay\u0131nda hatimle teravih namaz\u0131 k\u0131ld\u0131ran din g\u00f6revlileri ile Haf\u0131zl\u0131k Tespit S\u0131nav\u0131\u2019nda ba\u015far\u0131l\u0131 olan haf\u0131zlara, 1 Ekim tarihinde K\u00fctahya\u2019da b\u00f6lge yar\u0131\u015fmalar\u0131nda ilimizi temsil edecek Hesna Erva inci\u2019ye de Diyanet \u0130\u015fleri Ba\u015fkanl\u0131\u011f\u0131 taraf\u0131ndan g\u00f6nderilen belgeler takdim edilmesi ile program sona erdi.<br \/><\/p>\n","protected":false},"excerpt":{"rendered":"<p>K\u00fctahya\u2019n\u0131n Tav\u015fanl\u0131 \u0130l\u00e7esinde M\u00fcft\u00fcl\u00fc\u011f\u00fcn organizasyonu ile ger\u00e7ekle\u015ftirilen etkinlik, din g\u00f6revlileri, \u00f6\u011frenciler ve \u00e7ok say\u0131da vatanda\u015f\u0131n kat\u0131l\u0131m\u0131yla ger\u00e7ekle\u015fti. Program, \u0130stiklal Mar\u015f\u0131\u2019n\u0131n okunmas\u0131 ve Kavakl\u0131 Erkek Kur\u2019an Kursu \u00f6\u011freticisi Kadir Erg\u00fcn\u2019\u00fcn Kur\u2019an-\u0131 Kerim tilaveti ile ba\u015flad\u0131. Ard\u0131ndan Din Hizmetleri Genel M\u00fcd\u00fcrl\u00fc\u011f\u00fc taraf\u0131ndan haz\u0131rlanan &#8220;Peygamberimiz ve Aile Ahlak\u0131&#8221; konulu sinevizyon g\u00f6sterimi sunuldu. \u0130l\u00e7e M\u00fcft\u00fcs\u00fc Mevl\u00fct Hakan Asan, a\u00e7\u0131l\u0131\u015f&#8230;<\/p>\n","protected":false},"author":1,"featured_media":57558,"comment_status":"open","ping_status":"open","sticky":false,"template":"","format":"standard","meta":{"_crdt_document":"","footnotes":""},"categories":[1],"tags":[],"class_list":["post-57557","post","type-post","status-publish","format-standard","has-post-thumbnail","hentry","category-guncel"],"_links":{"self":[{"href":"https:\/\/www.egemtv.com\/index.php?rest_route=\/wp\/v2\/posts\/57557","targetHints":{"allow":["GET"]}}],"collection":[{"href":"https:\/\/www.egemtv.com\/index.php?rest_route=\/wp\/v2\/posts"}],"about":[{"href":"https:\/\/www.egemtv.com\/index.php?rest_route=\/wp\/v2\/types\/post"}],"author":[{"embeddable":true,"href":"https:\/\/www.egemtv.com\/index.php?rest_route=\/wp\/v2\/users\/1"}],"replies":[{"embeddable":true,"href":"https:\/\/www.egemtv.com\/index.php?rest_route=%2Fwp%2Fv2%2Fcomments&post=57557"}],"version-history":[{"count":1,"href":"https:\/\/www.egemtv.com\/index.php?rest_route=\/wp\/v2\/posts\/57557\/revisions"}],"predecessor-version":[{"id":57559,"href":"https:\/\/www.egemtv.com\/index.php?rest_route=\/wp\/v2\/posts\/57557\/revisions\/57559"}],"wp:featuredmedia":[{"embeddable":true,"href":"https:\/\/www.egemtv.com\/index.php?rest_route=\/wp\/v2\/media\/57558"}],"wp:attachment":[{"href":"https:\/\/www.egemtv.com\/index.php?rest_route=%2Fwp%2Fv2%2Fmedia&parent=57557"}],"wp:term":[{"taxonomy":"category","embeddable":true,"href":"https:\/\/www.egemtv.com\/index.php?rest_route=%2Fwp%2Fv2%2Fcategories&post=57557"},{"taxonomy":"post_tag","embeddable":true,"href":"https:\/\/www.egemtv.com\/index.php?rest_route=%2Fwp%2Fv2%2Ftags&post=57557"}],"curies":[{"name":"wp","href":"https:\/\/api.w.org\/{rel}","templated":true}]}}