{"id":57554,"date":"2025-09-26T16:14:56","date_gmt":"2025-09-26T13:14:56","guid":{"rendered":"https:\/\/www.egemtv.com\/?p=57554"},"modified":"2025-09-26T16:14:57","modified_gmt":"2025-09-26T13:14:57","slug":"kuladan-veronaya-cemar-traverten-mermere-yogun-ilgi","status":"publish","type":"post","link":"https:\/\/www.egemtv.com\/?p=57554","title":{"rendered":"Kula\u2019dan Verona\u2019ya: Cemar Traverten &amp; Mermer\u2019e yo\u011fun ilgi"},"content":{"rendered":"<p>Manisa\u2019n\u0131n Kula il\u00e7esinde do\u011fal ta\u015f sekt\u00f6r\u00fcnde faaliyet g\u00f6steren Cemar Traverten &amp; Mermer, \u0130talya\u2019n\u0131n Verona kentinde d\u00fczenlenen ve d\u00fcnyan\u0131n en \u00f6nemli do\u011fal ta\u015f organizasyonlar\u0131ndan biri olarak kabul edilen Marmo+Mac Verona Fuar\u0131na kat\u0131ld\u0131. D\u00fcnyan\u0131n d\u00f6rt bir yan\u0131ndan sekt\u00f6r temsilcilerini bulu\u015fturan fuarda, Cemar\u2019\u0131n Kula\u2019dan d\u00fcnyaya a\u00e7\u0131lan traverten \u00fcr\u00fcnleri yo\u011fun ilgi g\u00f6rd\u00fc.<br \/>\n<br \/>Firma stand\u0131, \u00f6zg\u00fcn tasar\u0131mlar\u0131, yenilik\u00e7i \u00fcretim anlay\u0131\u015f\u0131 ve Kula\u2019n\u0131n verimli topraklar\u0131ndan \u00e7\u0131kar\u0131lan y\u00fcksek kaliteli travertenleriyle ziyaret\u00e7ilerin u\u011frak noktalar\u0131ndan biri oldu. Fuarda yerli ve yabanc\u0131 bir\u00e7ok sekt\u00f6r temsilcisiyle g\u00f6r\u00fc\u015fen Cemar yetkilileri, yeni i\u015f ba\u011flant\u0131lar\u0131 kurma f\u0131rsat\u0131 da yakalad\u0131.<br \/>\n<br \/>Cemar Traverten &amp; Mermer Genel M\u00fcd\u00fcr\u00fc Yusuf Yal\u00e7\u0131n, fuar sonras\u0131 yapt\u0131\u011f\u0131 de\u011ferlendirmede \u015funlar\u0131 s\u00f6yledi: &#8220;Kula\u2019dan \u00e7\u0131karak Verona gibi uluslararas\u0131 bir platformda yer almak bizim i\u00e7in b\u00fcy\u00fck bir gurur vesilesi oldu. Firmam\u0131z\u0131n stand\u0131na g\u00f6sterilen yo\u011fun ilgi, hem b\u00f6lgemizin do\u011fal ta\u015f potansiyelinin hem de T\u00fcrk traverteninin d\u00fcnya \u00e7ap\u0131nda ne denli k\u0131ymetli oldu\u011funu bir kez daha ortaya koydu. Bizim i\u00e7in bu sadece bir fuar kat\u0131l\u0131m\u0131 de\u011fil; ayn\u0131 zamanda Kula\u2019y\u0131 ve T\u00fcrkiye\u2019yi en iyi \u015fekilde temsil etme misyonuydu.&#8221;<br \/>\n<br \/>Yal\u00e7\u0131n ayr\u0131ca, Cemar\u2019\u0131n hedeflerini de, &#8220;Amac\u0131m\u0131z sadece kaliteli \u00fcr\u00fcn \u00fcretmek de\u011fil, ayn\u0131 zamanda T\u00fcrk do\u011fal ta\u015f\u0131n\u0131n marka de\u011ferini y\u00fckseltmek. \u00d6n\u00fcm\u00fczdeki d\u00f6nemde yeni pazarlara a\u00e7\u0131lmay\u0131, ihracat a\u011f\u0131m\u0131z\u0131 geni\u015fletmeyi ve s\u00fcrd\u00fcr\u00fclebilir \u00fcretim anlay\u0131\u015f\u0131m\u0131z\u0131 daha da geli\u015ftirmeyi hedefliyoruz. B\u00f6ylece hem firmam\u0131z\u0131n b\u00fcy\u00fcmesine hem de b\u00f6lgemizin ekonomisine katk\u0131 sa\u011flamaya devam edece\u011fiz.&#8221; s\u00f6zleriyle a\u00e7\u0131klad\u0131.<br \/>\n<br \/>Kula\u2019dan \u00e7\u0131kan bir markan\u0131n d\u00fcnya \u00e7ap\u0131ndaki bir fuarda bu denli ilgi g\u00f6rmesi, hem il\u00e7e hem de Manisa i\u00e7in gurur kayna\u011f\u0131 oldu.<br \/><\/p>\n","protected":false},"excerpt":{"rendered":"<p>Manisa\u2019n\u0131n Kula il\u00e7esinde do\u011fal ta\u015f sekt\u00f6r\u00fcnde faaliyet g\u00f6steren Cemar Traverten &amp; Mermer, \u0130talya\u2019n\u0131n Verona kentinde d\u00fczenlenen ve d\u00fcnyan\u0131n en \u00f6nemli do\u011fal ta\u015f organizasyonlar\u0131ndan biri olarak kabul edilen Marmo+Mac Verona Fuar\u0131na kat\u0131ld\u0131. D\u00fcnyan\u0131n d\u00f6rt bir yan\u0131ndan sekt\u00f6r temsilcilerini bulu\u015fturan fuarda, Cemar\u2019\u0131n Kula\u2019dan d\u00fcnyaya a\u00e7\u0131lan traverten \u00fcr\u00fcnleri yo\u011fun ilgi g\u00f6rd\u00fc. Firma stand\u0131, \u00f6zg\u00fcn tasar\u0131mlar\u0131, yenilik\u00e7i \u00fcretim anlay\u0131\u015f\u0131&#8230;<\/p>\n","protected":false},"author":1,"featured_media":57555,"comment_status":"open","ping_status":"open","sticky":false,"template":"","format":"standard","meta":{"_crdt_document":"","footnotes":""},"categories":[125],"tags":[],"class_list":["post-57554","post","type-post","status-publish","format-standard","has-post-thumbnail","hentry","category-ekonomi"],"_links":{"self":[{"href":"https:\/\/www.egemtv.com\/index.php?rest_route=\/wp\/v2\/posts\/57554","targetHints":{"allow":["GET"]}}],"collection":[{"href":"https:\/\/www.egemtv.com\/index.php?rest_route=\/wp\/v2\/posts"}],"about":[{"href":"https:\/\/www.egemtv.com\/index.php?rest_route=\/wp\/v2\/types\/post"}],"author":[{"embeddable":true,"href":"https:\/\/www.egemtv.com\/index.php?rest_route=\/wp\/v2\/users\/1"}],"replies":[{"embeddable":true,"href":"https:\/\/www.egemtv.com\/index.php?rest_route=%2Fwp%2Fv2%2Fcomments&post=57554"}],"version-history":[{"count":1,"href":"https:\/\/www.egemtv.com\/index.php?rest_route=\/wp\/v2\/posts\/57554\/revisions"}],"predecessor-version":[{"id":57556,"href":"https:\/\/www.egemtv.com\/index.php?rest_route=\/wp\/v2\/posts\/57554\/revisions\/57556"}],"wp:featuredmedia":[{"embeddable":true,"href":"https:\/\/www.egemtv.com\/index.php?rest_route=\/wp\/v2\/media\/57555"}],"wp:attachment":[{"href":"https:\/\/www.egemtv.com\/index.php?rest_route=%2Fwp%2Fv2%2Fmedia&parent=57554"}],"wp:term":[{"taxonomy":"category","embeddable":true,"href":"https:\/\/www.egemtv.com\/index.php?rest_route=%2Fwp%2Fv2%2Fcategories&post=57554"},{"taxonomy":"post_tag","embeddable":true,"href":"https:\/\/www.egemtv.com\/index.php?rest_route=%2Fwp%2Fv2%2Ftags&post=57554"}],"curies":[{"name":"wp","href":"https:\/\/api.w.org\/{rel}","templated":true}]}}