{"id":57551,"date":"2025-09-26T16:14:55","date_gmt":"2025-09-26T13:14:55","guid":{"rendered":"https:\/\/www.egemtv.com\/?p=57551"},"modified":"2025-09-26T16:14:56","modified_gmt":"2025-09-26T13:14:56","slug":"demircide-yilin-ahisi-secildi","status":"publish","type":"post","link":"https:\/\/www.egemtv.com\/?p=57551","title":{"rendered":"Demirci\u2019de y\u0131l\u0131n ahisi se\u00e7ildi"},"content":{"rendered":"<p>Manisa\u2019n\u0131n Demirci il\u00e7esinde 38. Ahilik Haftas\u0131 \u00e7e\u015fitli etkinliklerle kutland\u0131. Ahilik program\u0131nda il\u00e7ede y\u0131l\u0131n ahisi olarak 39 y\u0131ld\u0131r il\u00e7e sanayisinde esnaf olarak \u00e7al\u0131\u015fan 64 ya\u015f\u0131ndaki radyat\u00f6r ustas\u0131 Burhan Bilgin se\u00e7ildi.<br \/>\n<br \/>Demirci Kaymakaml\u0131\u011f\u0131 ve Demirci Belediyesi i\u015fbirli\u011fi ile d\u00fczenlenen Ahilik Haftas\u0131 kutlama etkinlikleri Gevher Nesibe ve Mesleki Teknik Anadolu Lisesinde d\u00fczenlenen programla kutland\u0131. Okul bah\u00e7esinde ger\u00e7ekle\u015ftirilen programa Kaymakam Fatih Bayram, Belediye Ba\u015fkan\u0131 Erkan Kara, \u0130l\u00e7e protokol\u00fc, esnaflar ve \u00f6\u011frenciler kat\u0131ld\u0131.<br \/>\n<br \/>Sayg\u0131 duru\u015funda bulunulmas\u0131 ve \u0130stiklal Mar\u015f\u0131n\u0131n okunmas\u0131n\u0131n ard\u0131ndan a\u00e7\u0131l\u0131\u015f konu\u015fmas\u0131n\u0131 yapan Belediye Ba\u015fkan\u0131 Erkan Kara, &#8220;Ahilik ecdad\u0131m\u0131zdan kalan \u00e7ok k\u0131ymetli bir miras, D\u00fcnyada benzeri bulunmayan bir k\u00fclt\u00fcr ve medeniyet hazinesidir. Ahilik te\u015fkilat\u0131, t\u00fcm insanl\u0131\u011f\u0131n \u00f6zlemle arad\u0131\u011f\u0131 d\u00fcr\u00fcst ticaretin ve kar\u015f\u0131l\u0131kl\u0131 g\u00fcvenin somutla\u015fm\u0131\u015f halidir.  Bu kadim gelene\u011fin ya\u015fat\u0131lmas\u0131 ve gelecek nesillere aktar\u0131lmas\u0131 hepimizin ortak sorumlulu\u011fudur&#8221; dedi.<br \/>\n<br \/>Demirci Kaymakam\u0131 Fatih Bayram ise, &#8220;Ahi Evran ticarette ahlak\u0131 \u00f6ncelemi\u015f bir toplum \u00f6nderidir. Ahi Evran\u2019\u0131n 3 ilkesi vard\u0131r. Elini a\u00e7\u0131k tut, kap\u0131n\u0131 a\u00e7\u0131k tut ve dilini ve g\u00f6z\u00fcn\u00fc kapal\u0131 tut demi\u015ftir. Bu \u00fc\u00e7 ilkeyi temel alan esnaflar\u0131m\u0131z \u00fclkemizin d\u00f6rt bir taraf\u0131nda ticari hayat\u0131m\u0131za y\u00f6n vermektedirler. Bu vesile ile ahilik haftam\u0131z kutlu olsun&#8221; dedi.<br \/>\n<br \/>Ahi Evran Mesleki ve Teknik Anadolu Lisesi \u00f6\u011frencileri taraf\u0131ndan Ahilik nedir isimli tiyatro g\u00f6sterisi sahnelendi. Ahi Evran Mesleki ve Teknik Anadolu Lisesi ve Gevher Nesibe Mesleki ve Teknik Anadolu Lisesine yeni ba\u015flayan \u00f6\u011frencilere de temsili \u00f6nl\u00fck giyim t\u00f6reni yap\u0131ld\u0131.<br \/>\n<br \/>Programda il\u00e7edeki meslek odalar\u0131 taraf\u0131ndan belirlenen gen\u00e7 giri\u015fimci, kad\u0131n giri\u015fimci ve mesle\u011finde 25 y\u0131l\u0131n\u0131 tamamlayan esnaflara da te\u015fekk\u00fcr belgesi verildi.<br \/>\n<br \/>2025 y\u0131l\u0131 ahisi se\u00e7ilen 39 y\u0131ll\u0131k radyat\u00f6r ustas\u0131 Burhan Bilgin\u2019e ahilik k\u0131yafeti, belgesi ve plaketi de Kaymakam Fatih Bayram ve Belediye Ba\u015fkan\u0131 Erkan Kara taraf\u0131ndan verildi.<br \/><\/p>\n","protected":false},"excerpt":{"rendered":"<p>Manisa\u2019n\u0131n Demirci il\u00e7esinde 38. Ahilik Haftas\u0131 \u00e7e\u015fitli etkinliklerle kutland\u0131. Ahilik program\u0131nda il\u00e7ede y\u0131l\u0131n ahisi olarak 39 y\u0131ld\u0131r il\u00e7e sanayisinde esnaf olarak \u00e7al\u0131\u015fan 64 ya\u015f\u0131ndaki radyat\u00f6r ustas\u0131 Burhan Bilgin se\u00e7ildi. Demirci Kaymakaml\u0131\u011f\u0131 ve Demirci Belediyesi i\u015fbirli\u011fi ile d\u00fczenlenen Ahilik Haftas\u0131 kutlama etkinlikleri Gevher Nesibe ve Mesleki Teknik Anadolu Lisesinde d\u00fczenlenen programla kutland\u0131. Okul bah\u00e7esinde ger\u00e7ekle\u015ftirilen programa&#8230;<\/p>\n","protected":false},"author":1,"featured_media":57552,"comment_status":"open","ping_status":"open","sticky":false,"template":"","format":"standard","meta":{"_crdt_document":"","footnotes":""},"categories":[1],"tags":[],"class_list":["post-57551","post","type-post","status-publish","format-standard","has-post-thumbnail","hentry","category-guncel"],"_links":{"self":[{"href":"https:\/\/www.egemtv.com\/index.php?rest_route=\/wp\/v2\/posts\/57551","targetHints":{"allow":["GET"]}}],"collection":[{"href":"https:\/\/www.egemtv.com\/index.php?rest_route=\/wp\/v2\/posts"}],"about":[{"href":"https:\/\/www.egemtv.com\/index.php?rest_route=\/wp\/v2\/types\/post"}],"author":[{"embeddable":true,"href":"https:\/\/www.egemtv.com\/index.php?rest_route=\/wp\/v2\/users\/1"}],"replies":[{"embeddable":true,"href":"https:\/\/www.egemtv.com\/index.php?rest_route=%2Fwp%2Fv2%2Fcomments&post=57551"}],"version-history":[{"count":1,"href":"https:\/\/www.egemtv.com\/index.php?rest_route=\/wp\/v2\/posts\/57551\/revisions"}],"predecessor-version":[{"id":57553,"href":"https:\/\/www.egemtv.com\/index.php?rest_route=\/wp\/v2\/posts\/57551\/revisions\/57553"}],"wp:featuredmedia":[{"embeddable":true,"href":"https:\/\/www.egemtv.com\/index.php?rest_route=\/wp\/v2\/media\/57552"}],"wp:attachment":[{"href":"https:\/\/www.egemtv.com\/index.php?rest_route=%2Fwp%2Fv2%2Fmedia&parent=57551"}],"wp:term":[{"taxonomy":"category","embeddable":true,"href":"https:\/\/www.egemtv.com\/index.php?rest_route=%2Fwp%2Fv2%2Fcategories&post=57551"},{"taxonomy":"post_tag","embeddable":true,"href":"https:\/\/www.egemtv.com\/index.php?rest_route=%2Fwp%2Fv2%2Ftags&post=57551"}],"curies":[{"name":"wp","href":"https:\/\/api.w.org\/{rel}","templated":true}]}}