{"id":57548,"date":"2025-09-26T15:55:46","date_gmt":"2025-09-26T12:55:46","guid":{"rendered":"https:\/\/www.egemtv.com\/?p=57548"},"modified":"2025-09-26T15:55:46","modified_gmt":"2025-09-26T12:55:46","slug":"mhp-grup-baskanvekili-akcay-yapilacak-anlasmalar-iki-ulkenin-yararina-olacaktir","status":"publish","type":"post","link":"https:\/\/www.egemtv.com\/?p=57548","title":{"rendered":"MHP Grup Ba\u015fkanvekili Ak\u00e7ay: &#8220;Yap\u0131lacak anla\u015fmalar iki \u00fclkenin yarar\u0131na olacakt\u0131r&#8221;"},"content":{"rendered":"<p>Milliyet\u00e7i Hareket Partisi (MHP) Grup Ba\u015fkanvekili ve Manisa Milletvekili Erkan Ak\u00e7ay, Cumhurba\u015fkan\u0131 Recep Tayyip Erdo\u011fan\u2019\u0131n ABD Ba\u015fkan\u0131 Donald Trump ile g\u00f6r\u00fc\u015fmesine ili\u015fkin, &#8220;Yap\u0131lacak anla\u015fmalar iki \u00fclkenin yarar\u0131na olacakt\u0131r. Burada en hassas oldu\u011fumuz nokta bu g\u00f6r\u00fc\u015fmelerin b\u00f6lgemizdeki bar\u0131\u015f\u0131n, huzurun tesisi bak\u0131m\u0131ndan T\u00fcrkiye\u2019nin oynad\u0131\u011f\u0131 ba\u015fat role destek vermesi gerekir ve bu beklenti i\u00e7erisindeyiz&#8221; dedi.<br \/>\n<br \/>MHP Grup Ba\u015fkanvekili Erkan Ak\u00e7ay, Manisa Gazeteciler Cemiyeti Ba\u015fkan\u0131 \u00d6nder Ayd\u0131n ve y\u00f6netimini ziyaret etti. Bas\u0131n mensuplar\u0131n\u0131n da kat\u0131ld\u0131\u011f\u0131 ziyarette Ak\u00e7ay, yerel bas\u0131n\u0131n \u00f6nemine dikkat \u00e7ekerek, bas\u0131n \u00e7al\u0131\u015fanlar\u0131n\u0131n \u00f6zl\u00fck haklar\u0131n\u0131n ve mali \u015fartlar\u0131n\u0131n iyile\u015ftirilmesi gerekti\u011fini vurgulad\u0131. Gazetecilerin sorular\u0131n\u0131 da yan\u0131tlayan Ak\u00e7ay, Cumhurba\u015fkan\u0131 Recep Tayyip Erdo\u011fan\u2019\u0131n Birle\u015fmi\u015f Milletler 80. Genel Kurulu\u2019nda yapt\u0131\u011f\u0131 konu\u015fmada d\u00fcnyada vicdanl\u0131 insanlar\u0131n hislerine terc\u00fcman oldu\u011funu ve herkesi gururland\u0131rd\u0131\u011f\u0131n\u0131 s\u00f6yledi. Cumhurba\u015fkan\u0131 Erdo\u011fan\u2019\u0131n ABD Ba\u015fkan\u0131 Donald Trump ile g\u00f6r\u00fc\u015fmesiyle ilgili de olumlu sonu\u00e7lar beklediklerini dile getiren Ak\u00e7ay, &#8220;Yap\u0131lacak anla\u015fmalar iki \u00fclkenin yarar\u0131na olacakt\u0131r. Burada en hassas oldu\u011fumuz nokta da bu g\u00f6r\u00fc\u015fmelerin b\u00f6lgemizdeki bar\u0131\u015f\u0131n, huzurun tesisi bak\u0131m\u0131ndan da T\u00fcrkiye\u2019nin oynad\u0131\u011f\u0131 ba\u015fat role destek vermesi gerekir ve bu beklenti i\u00e7erisindeyiz. Bu bak\u0131mdan da \u00fcmitliyiz&#8221; diye konu\u015ftu.<br \/>\n<br \/>Ak\u00e7ay, iki liderin g\u00f6r\u00fc\u015fmesinin &#8220;Ter\u00f6rs\u00fcz T\u00fcrkiye&#8221; s\u00fcrecine de olumlu katk\u0131 sunaca\u011f\u0131na inand\u0131\u011f\u0131n\u0131 vurgulad\u0131. CHP\u2019yi ele\u015ftiren Ak\u00e7ay, &#8220;Bir siyasi partinin belediyeleri haklar\u0131ndaki bu yolsuzluk, r\u00fc\u015fvet, iltimas, irtikap gibi iddialar ile aras\u0131nda bir kurumsal set \u00e7ekmesi laz\u0131m. Yarg\u0131, s\u0131\u011f\u0131naca\u011f\u0131n\u0131z son s\u0131\u011f\u0131nakt\u0131r. Bunu da sayg\u0131yla kar\u015f\u0131lay\u0131p, bunun hukuki ve siyasi m\u00fccadelesini vermek laz\u0131m. B\u00fct\u00fcn iddialar\u0131 da bulunan \u015fikayet\u00e7iler, ihbarc\u0131lar, itiraf\u00e7\u0131lar kendi partilerinin mensuplar\u0131. \u2019Masumiyet karinesi esast\u0131r\u2019 diye devaml\u0131 tekrarlayan ise Milliyet\u00e7i Hareket Partisi. Yarg\u0131 h\u00fckm\u00fcn\u00fc verene kadar kimse su\u00e7lanamaz ama aklanamaz da. Biz kimseyi su\u00e7lamad\u0131k, su\u00e7lam\u0131yoruz. Daha ge\u00e7ti\u011fimiz haftalarda Bayrampa\u015fa Belediyesi i\u00e7in yap\u0131lan operasyonda, \u0130stanbul bir il\u00e7e y\u00f6netiminden iki MHP \u00fcyesi \u015fahs\u0131n ad\u0131 ge\u00e7er ge\u00e7mez ihra\u00e7 sistemiyle disipline sevk edildi ve ihra\u00e7 edildi. Bu yarg\u0131yla partinin kurumsal yap\u0131s\u0131 aras\u0131na set \u00e7ekmektir. \u2019Aklan gel\u2019 karde\u015fim. 2010 y\u0131l\u0131nda Milliyet\u00e7i Hareket Partisi\u2019nin B\u00fcy\u00fck\u015fehir Belediye Ba\u015fkan\u0131 Ayta\u00e7 Durak g\u00f6revden uzakla\u015ft\u0131r\u0131lm\u0131\u015ft\u0131. Genel Ba\u015fkan\u0131m\u0131z \u2019Aklan gel\u2019 dedi ve yarg\u0131land\u0131 Ayta\u00e7 Durak. O zaman biz demedik ki \u2019Bu MHP\u2019ye yap\u0131lan bir operasyondur, vesairedir\u2019. Daha evvel de ya\u015fanan bunun \u00f6rnekleri var&#8221; dedi.<br \/><\/p>\n","protected":false},"excerpt":{"rendered":"<p>Milliyet\u00e7i Hareket Partisi (MHP) Grup Ba\u015fkanvekili ve Manisa Milletvekili Erkan Ak\u00e7ay, Cumhurba\u015fkan\u0131 Recep Tayyip Erdo\u011fan\u2019\u0131n ABD Ba\u015fkan\u0131 Donald Trump ile g\u00f6r\u00fc\u015fmesine ili\u015fkin, &#8220;Yap\u0131lacak anla\u015fmalar iki \u00fclkenin yarar\u0131na olacakt\u0131r. Burada en hassas oldu\u011fumuz nokta bu g\u00f6r\u00fc\u015fmelerin b\u00f6lgemizdeki bar\u0131\u015f\u0131n, huzurun tesisi bak\u0131m\u0131ndan T\u00fcrkiye\u2019nin oynad\u0131\u011f\u0131 ba\u015fat role destek vermesi gerekir ve bu beklenti i\u00e7erisindeyiz&#8221; dedi. MHP Grup Ba\u015fkanvekili&#8230;<\/p>\n","protected":false},"author":1,"featured_media":57549,"comment_status":"open","ping_status":"open","sticky":false,"template":"","format":"standard","meta":{"_crdt_document":"","footnotes":""},"categories":[127],"tags":[],"class_list":["post-57548","post","type-post","status-publish","format-standard","has-post-thumbnail","hentry","category-siyaset"],"_links":{"self":[{"href":"https:\/\/www.egemtv.com\/index.php?rest_route=\/wp\/v2\/posts\/57548","targetHints":{"allow":["GET"]}}],"collection":[{"href":"https:\/\/www.egemtv.com\/index.php?rest_route=\/wp\/v2\/posts"}],"about":[{"href":"https:\/\/www.egemtv.com\/index.php?rest_route=\/wp\/v2\/types\/post"}],"author":[{"embeddable":true,"href":"https:\/\/www.egemtv.com\/index.php?rest_route=\/wp\/v2\/users\/1"}],"replies":[{"embeddable":true,"href":"https:\/\/www.egemtv.com\/index.php?rest_route=%2Fwp%2Fv2%2Fcomments&post=57548"}],"version-history":[{"count":1,"href":"https:\/\/www.egemtv.com\/index.php?rest_route=\/wp\/v2\/posts\/57548\/revisions"}],"predecessor-version":[{"id":57550,"href":"https:\/\/www.egemtv.com\/index.php?rest_route=\/wp\/v2\/posts\/57548\/revisions\/57550"}],"wp:featuredmedia":[{"embeddable":true,"href":"https:\/\/www.egemtv.com\/index.php?rest_route=\/wp\/v2\/media\/57549"}],"wp:attachment":[{"href":"https:\/\/www.egemtv.com\/index.php?rest_route=%2Fwp%2Fv2%2Fmedia&parent=57548"}],"wp:term":[{"taxonomy":"category","embeddable":true,"href":"https:\/\/www.egemtv.com\/index.php?rest_route=%2Fwp%2Fv2%2Fcategories&post=57548"},{"taxonomy":"post_tag","embeddable":true,"href":"https:\/\/www.egemtv.com\/index.php?rest_route=%2Fwp%2Fv2%2Ftags&post=57548"}],"curies":[{"name":"wp","href":"https:\/\/api.w.org\/{rel}","templated":true}]}}