{"id":57545,"date":"2025-09-26T15:55:44","date_gmt":"2025-09-26T12:55:44","guid":{"rendered":"https:\/\/www.egemtv.com\/?p=57545"},"modified":"2025-09-26T15:55:45","modified_gmt":"2025-09-26T12:55:45","slug":"mugla-buyuksehir-sehit-yakini-ve-gazileri-anitkabire-goturdu","status":"publish","type":"post","link":"https:\/\/www.egemtv.com\/?p=57545","title":{"rendered":"Mu\u011fla B\u00fcy\u00fck\u015fehir, \u015fehit yak\u0131n\u0131 ve gazileri An\u0131tkabir\u2019e g\u00f6t\u00fcrd\u00fc"},"content":{"rendered":"<p>Mu\u011fla B\u00fcy\u00fck\u015fehir Belediyesi, 19 Eyl\u00fcl Gaziler G\u00fcn\u00fc dolay\u0131s\u0131yla d\u00fczenledi\u011fi Ankara ziyaret program\u0131 kapsam\u0131nda 153 \u015fehit yak\u0131n\u0131 ve gaziyi, T\u00fcrkiye Cumhuriyeti\u2019nin kalbi An\u0131tkabir\u2019e g\u00f6t\u00fcrd\u00fc.<\/p>\n<p>19 Eyl\u00fcl 1921 tarihinde Mustafa Kemal Atat\u00fcrk\u2019e, T\u00fcrkiye B\u00fcy\u00fck Millet Meclisi taraf\u0131ndan &#8220;Mare\u015fal&#8221; r\u00fctbesi ve &#8220;Gazi&#8221; unvan\u0131 verilmesinin y\u0131ld\u00f6n\u00fcm\u00fcnde kutlanan bu \u00f6zel g\u00fcn, bir kez daha gazilerin ve \u015fehitlerin aziz hat\u0131ras\u0131n\u0131 ya\u015fatma vesilesi oldu.<\/p>\n<p>Mu\u011fla B\u00fcy\u00fck\u015fehir Belediyesi taraf\u0131ndan d\u00fczenlenen programda \u015fehit yak\u0131n\u0131 ve gaziler, ilk olarak kahramanl\u0131k destan\u0131n\u0131n yaz\u0131ld\u0131\u011f\u0131 Sakarya Meydan Muharebesi ve T\u00fcrk Tarihi Tan\u0131t\u0131m Merkezi\u2019ni ziyaret etti. Ard\u0131ndan Cumhuriyetin temellerinin at\u0131ld\u0131\u011f\u0131 Birinci ve \u0130kinci Meclis binalar\u0131 ziyaret edildi.<br \/>\n<br \/>Kocatepe Gazisi Muhsin K\u0131rl\u0131, &#8220;En son \u00f6\u011frencilik y\u0131llar\u0131mda merasim i\u00e7in Ankara\u2019ya geldi\u011fimde An\u0131tkabir ve eski meclisi gezmi\u015ftim ama bu \u015fekilde geni\u015f bilgilerin verildi\u011fi bir ziyaret olmam\u0131\u015ft\u0131. Benim i\u00e7in \u00e7ok gurur verici bir ziyaret oldu. A\u011flamamak i\u00e7in kendimi \u00e7ok zor tuttum. Bu geziyi bize tertip eden kendisi de eski bir asker olan Mu\u011fla B\u00fcy\u00fck\u015fehir Belediye Ba\u015fkan\u0131 Ahmet Aras\u2019a \u00e7ok te\u015fekk\u00fcr ederim&#8221; \u015feklinde konu\u015ftu.<br \/>\n<br \/>\u015eehit yak\u0131n\u0131 Bircan Evren, &#8220;An\u0131tkabir\u2019i ziyaret etti\u011fimiz i\u00e7in onurlu ve gururluyuz. Ankara\u2019da bulunan \u00f6nemli yerleri ziyaret ettik. Burada \u015fehitlerimizi and\u0131k. Mu\u011fla B\u00fcy\u00fck\u015fehir Belediye Ba\u015fkan\u0131 Ahmet Aras\u2019a bu program\u0131 haz\u0131rlad\u0131\u011f\u0131 i\u00e7in te\u015fekk\u00fcr ederim.&#8221; dedi.<br \/>\n<br \/>T\u00fcrkiye Muharip Gaziler Derne\u011fi Milas \u015eube Ba\u015fkan\u0131 K\u0131br\u0131s Gazisi Mehmet Sarban, &#8220;19 Eyl\u00fcl Gaziler Haftas\u0131 kapsam\u0131nda Mu\u011fla B\u00fcy\u00fck\u015fehir Belediye Ba\u015fkan\u0131 Say\u0131n Ahmet Aras, bizler i\u00e7in Ankara ziyaret program\u0131 ayarlad\u0131. An\u0131tkabir\u2019de Atam\u0131z\u0131, ilk a\u00e7t\u0131\u011f\u0131 meclisi ve Kartaltepe\u2019yi ziyaret ettik. Ba\u015fkan Aras\u2019a ve ekibine \u00e7ok te\u015fekk\u00fcr ederim.&#8221; ifadelerini kulland\u0131.<br \/>\n<br \/>Gazi \u0130smet Kaya, &#8220;Ankara\u2019da \u00e7ok duygulu anlar ya\u015fad\u0131k. Atam\u0131z\u0131n huzurunda \u00e7elengimizi koyduk. \u00c7ok g\u00fczel bir organizasyon oldu. Mu\u011fla B\u00fcy\u00fck\u015fehir Belediye Ba\u015fkan\u0131 Ahmet Aras\u2019a bu program i\u00e7in te\u015fekk\u00fcr ederim.&#8221; diye konu\u015ftu.<br \/>\n<br \/>K\u0131y\u0131 Ege Belediyeler Birli\u011fi ve Mu\u011fla B\u00fcy\u00fck\u015fehir Belediye Ba\u015fkan\u0131 Ahmet Aras, \u015fu ifadeleri kulland\u0131: &#8220;Bizler, milletimizin \u00f6zg\u00fcrl\u00fc\u011f\u00fc ve ba\u011f\u0131ms\u0131zl\u0131\u011f\u0131 i\u00e7in verilen bu b\u00fcy\u00fck m\u00fccadeleyi unutmamak, hat\u0131rlamak ve gelecek nesillere aktarmakla y\u00fck\u00fcml\u00fcy\u00fcz. \u015eehitlerimizin ve gazilerimizin g\u00f6sterdi\u011fi fedak\u00e2rl\u0131k, milletimizin bug\u00fcnlere gelmesinde en b\u00fcy\u00fck mihenk ta\u015f\u0131d\u0131r. Onlar\u0131n hat\u0131ras\u0131n\u0131 ya\u015fatmak, onlara minnetimizi g\u00f6stermek ve yanlar\u0131nda oldu\u011fumuzu hissettirmek en \u00f6nemli g\u00f6revimizdir.&#8221;<br \/><\/p>\n","protected":false},"excerpt":{"rendered":"<p>Mu\u011fla B\u00fcy\u00fck\u015fehir Belediyesi, 19 Eyl\u00fcl Gaziler G\u00fcn\u00fc dolay\u0131s\u0131yla d\u00fczenledi\u011fi Ankara ziyaret program\u0131 kapsam\u0131nda 153 \u015fehit yak\u0131n\u0131 ve gaziyi, T\u00fcrkiye Cumhuriyeti\u2019nin kalbi An\u0131tkabir\u2019e g\u00f6t\u00fcrd\u00fc. 19 Eyl\u00fcl 1921 tarihinde Mustafa Kemal Atat\u00fcrk\u2019e, T\u00fcrkiye B\u00fcy\u00fck Millet Meclisi taraf\u0131ndan &#8220;Mare\u015fal&#8221; r\u00fctbesi ve &#8220;Gazi&#8221; unvan\u0131 verilmesinin y\u0131ld\u00f6n\u00fcm\u00fcnde kutlanan bu \u00f6zel g\u00fcn, bir kez daha gazilerin ve \u015fehitlerin aziz hat\u0131ras\u0131n\u0131 ya\u015fatma&#8230;<\/p>\n","protected":false},"author":1,"featured_media":57546,"comment_status":"open","ping_status":"open","sticky":false,"template":"","format":"standard","meta":{"_crdt_document":"","footnotes":""},"categories":[1],"tags":[],"class_list":["post-57545","post","type-post","status-publish","format-standard","has-post-thumbnail","hentry","category-guncel"],"_links":{"self":[{"href":"https:\/\/www.egemtv.com\/index.php?rest_route=\/wp\/v2\/posts\/57545","targetHints":{"allow":["GET"]}}],"collection":[{"href":"https:\/\/www.egemtv.com\/index.php?rest_route=\/wp\/v2\/posts"}],"about":[{"href":"https:\/\/www.egemtv.com\/index.php?rest_route=\/wp\/v2\/types\/post"}],"author":[{"embeddable":true,"href":"https:\/\/www.egemtv.com\/index.php?rest_route=\/wp\/v2\/users\/1"}],"replies":[{"embeddable":true,"href":"https:\/\/www.egemtv.com\/index.php?rest_route=%2Fwp%2Fv2%2Fcomments&post=57545"}],"version-history":[{"count":1,"href":"https:\/\/www.egemtv.com\/index.php?rest_route=\/wp\/v2\/posts\/57545\/revisions"}],"predecessor-version":[{"id":57547,"href":"https:\/\/www.egemtv.com\/index.php?rest_route=\/wp\/v2\/posts\/57545\/revisions\/57547"}],"wp:featuredmedia":[{"embeddable":true,"href":"https:\/\/www.egemtv.com\/index.php?rest_route=\/wp\/v2\/media\/57546"}],"wp:attachment":[{"href":"https:\/\/www.egemtv.com\/index.php?rest_route=%2Fwp%2Fv2%2Fmedia&parent=57545"}],"wp:term":[{"taxonomy":"category","embeddable":true,"href":"https:\/\/www.egemtv.com\/index.php?rest_route=%2Fwp%2Fv2%2Fcategories&post=57545"},{"taxonomy":"post_tag","embeddable":true,"href":"https:\/\/www.egemtv.com\/index.php?rest_route=%2Fwp%2Fv2%2Ftags&post=57545"}],"curies":[{"name":"wp","href":"https:\/\/api.w.org\/{rel}","templated":true}]}}