{"id":57542,"date":"2025-09-26T15:34:59","date_gmt":"2025-09-26T12:34:59","guid":{"rendered":"https:\/\/www.egemtv.com\/?p=57542"},"modified":"2025-09-26T15:35:00","modified_gmt":"2025-09-26T12:35:00","slug":"mugla-destinasyonu-oturumuna-yogun-ilgi","status":"publish","type":"post","link":"https:\/\/www.egemtv.com\/?p=57542","title":{"rendered":"Mu\u011fla Destinasyonu Oturumu\u2019na yo\u011fun ilgi"},"content":{"rendered":"<p>Bodrum Belediye Ba\u015fkan\u0131 Tamer Mandalinci, \u0130stanbul Turizm Fuar\u0131 (ITF 2025) kapsam\u0131nda d\u00fczenlenen Mu\u011fla Destinasyonu Oturumu\u2019nda konu\u015fmac\u0131 olarak yer ald\u0131.<\/p>\n<p>50 \u00fclkeden 500 firman\u0131n ve 15 bin turizm profesyonelinin kat\u0131l\u0131m\u0131yla Yenikap\u0131-Avrasya G\u00f6steri ve Sanat Merkezi\u2019ndeki fuar alan\u0131nda Mu\u011fla B\u00fcy\u00fck\u015fehir Belediyesi taraf\u0131ndan d\u00fczenlenen &#8220;Mu\u011fla Destinasyon Oturumu&#8221; paneline; Bodrum Belediye Ba\u015fkan\u0131 Tamer Mandalinci kat\u0131ld\u0131.<\/p>\n<p>Panelde konu\u015fan Ba\u015fkan Mandalinci, Mu\u011fla\u2019n\u0131n T\u00fcrkiye\u2019nin turizm gelirlerinde \u0130stanbul ve Antalya ile birlikte ilk \u00fc\u00e7te yer ald\u0131\u011f\u0131na dikkat \u00e7ekerek \u015fu bilgileri payla\u015ft\u0131:<br \/>\n<br \/>&#8220;Bodrum, Mu\u011fla turizminin y\u00fczde 40\u2019\u0131n\u0131 temsil ediyor. T\u00fcrkiye genelinde yabanc\u0131 turistin ortalama harcamas\u0131 950 dolar seviyesindeyken, Bodrum\u2019da bu rakam 1400 dolara ula\u015f\u0131yor. Bu durum, Bodrum\u2019un hem pop\u00fclerli\u011fini hem de gelen turistin harcama e\u011filimini ortaya koyarak Bodrum\u2019un ne kadar do\u011fru bir tercih oldu\u011funu g\u00f6steriyor&#8221;<\/p>\n<p>Herkese hitap eden bir kent<br \/>\n<br \/>Son y\u0131llarda olu\u015fan pahal\u0131l\u0131k alg\u0131s\u0131 ile ilgili Ba\u015fkan Ba\u015fkan Mandalinci \u015fu a\u00e7\u0131klamalarda bulundu:<br \/>\n<br \/>&#8220;Bodrum \u00e7ok geni\u015f bir yelpazeye sahip. Bodrum i\u00e7in tamamen ucuz ya da pahal\u0131 diyemeyiz. Buras\u0131 her vatanda\u015fa, her kesimden insana arad\u0131\u011f\u0131 se\u00e7enekleri sunabilen bir b\u00f6lge. Bu sebeple bizim b\u00f6lgemiz yerli ve yabanc\u0131 turist taraf\u0131ndan tercih ediliyor&#8221;<\/p>\n<p>S\u00fcrd\u00fcr\u00fclebilir turizm hedefi<br \/>\n<br \/>Bodrum Belediyesi olarak yaz ve k\u0131\u015f aylar\u0131n\u0131 kapsayan &#8220;s\u00fcrd\u00fcr\u00fclebilir turizm&#8221; hedefi do\u011frultusunda \u00e7al\u0131\u015ft\u0131klar\u0131n\u0131 belirten Ba\u015fkan Mandalinci, s\u00f6zlerine \u015fu \u015fekilde devam etti:<br \/>\n<br \/>&#8220;Denizimiz, mavi turumuz, otellerimiz, festivallerimiz ve konserlerimiz yaz koridorunda Bodrum i\u00e7in yeterli oluyor. Ancak k\u0131\u015f koridorunda \u00f6zellikle son y\u0131llarda artan gastronomi merak\u0131 var. Bodrum, art\u0131k ciddi bir gastronomi destinasyonu haline geldi. K\u0131\u015f aylar\u0131nda d\u00fczenledi\u011fimiz Ac\u0131 Ot Festivali, gastronomi etkinlikleri, co\u011frafi i\u015faretli Bodrum mandalini ve son zamanlarda \u00f6ne \u00e7\u0131kard\u0131\u011f\u0131m\u0131z Bodrum ye\u015fil mandalini \u00e7al\u0131\u015fmalar\u0131 bu alanda \u00f6nemli ad\u0131mlar. Ayr\u0131ca k\u00fclt\u00fcrel ve sportif etkinlikler, Boat Show ve Bodrum Cup gibi organizasyonlarla k\u0131\u015f sezonunu hareketlendirece\u011fiz. Bu sayede turizmi \u00e7e\u015fitlendirerek sezonu 9-10 aya yaymak istiyoruz. Bu hedef hem otelcimize hem de sekt\u00f6rden ge\u00e7imini sa\u011flayanlara istihdam a\u00e7\u0131s\u0131ndan \u00f6nemli katk\u0131 sa\u011flayacak.&#8221;<br \/>\n<br \/>Fuar alan\u0131nda Bodrum Otelciler Derne\u011fi (BODER) \u00f6nc\u00fcl\u00fc\u011f\u00fcnde kurulan Bodrum stand\u0131nda ziyaret\u00e7ilerle ve turizm profesyonelleri ile bir araya gelen Ba\u015fkan Tamer Mandalinci, &#8220;Kentimizin tan\u0131t\u0131m\u0131na katk\u0131 koyan ve bu fuarda da desteklerini esirgemeyen ba\u015fta Mu\u011fla B\u00fcy\u00fck\u015fehir Belediye Ba\u015fkan\u0131 Ahmet Aras\u2019a, BODER Ba\u015fkan\u0131 \u00d6mer Faruk Dengiz\u2019e te\u015fekk\u00fcr ediyorum&#8221; diyerek BODER Ba\u015fkan\u0131 Dengiz\u2019e plaket verdi.<br \/><\/p>\n","protected":false},"excerpt":{"rendered":"<p>Bodrum Belediye Ba\u015fkan\u0131 Tamer Mandalinci, \u0130stanbul Turizm Fuar\u0131 (ITF 2025) kapsam\u0131nda d\u00fczenlenen Mu\u011fla Destinasyonu Oturumu\u2019nda konu\u015fmac\u0131 olarak yer ald\u0131. 50 \u00fclkeden 500 firman\u0131n ve 15 bin turizm profesyonelinin kat\u0131l\u0131m\u0131yla Yenikap\u0131-Avrasya G\u00f6steri ve Sanat Merkezi\u2019ndeki fuar alan\u0131nda Mu\u011fla B\u00fcy\u00fck\u015fehir Belediyesi taraf\u0131ndan d\u00fczenlenen &#8220;Mu\u011fla Destinasyon Oturumu&#8221; paneline; Bodrum Belediye Ba\u015fkan\u0131 Tamer Mandalinci kat\u0131ld\u0131. Panelde konu\u015fan Ba\u015fkan Mandalinci,&#8230;<\/p>\n","protected":false},"author":1,"featured_media":57543,"comment_status":"open","ping_status":"open","sticky":false,"template":"","format":"standard","meta":{"_crdt_document":"","footnotes":""},"categories":[125],"tags":[],"class_list":["post-57542","post","type-post","status-publish","format-standard","has-post-thumbnail","hentry","category-ekonomi"],"_links":{"self":[{"href":"https:\/\/www.egemtv.com\/index.php?rest_route=\/wp\/v2\/posts\/57542","targetHints":{"allow":["GET"]}}],"collection":[{"href":"https:\/\/www.egemtv.com\/index.php?rest_route=\/wp\/v2\/posts"}],"about":[{"href":"https:\/\/www.egemtv.com\/index.php?rest_route=\/wp\/v2\/types\/post"}],"author":[{"embeddable":true,"href":"https:\/\/www.egemtv.com\/index.php?rest_route=\/wp\/v2\/users\/1"}],"replies":[{"embeddable":true,"href":"https:\/\/www.egemtv.com\/index.php?rest_route=%2Fwp%2Fv2%2Fcomments&post=57542"}],"version-history":[{"count":1,"href":"https:\/\/www.egemtv.com\/index.php?rest_route=\/wp\/v2\/posts\/57542\/revisions"}],"predecessor-version":[{"id":57544,"href":"https:\/\/www.egemtv.com\/index.php?rest_route=\/wp\/v2\/posts\/57542\/revisions\/57544"}],"wp:featuredmedia":[{"embeddable":true,"href":"https:\/\/www.egemtv.com\/index.php?rest_route=\/wp\/v2\/media\/57543"}],"wp:attachment":[{"href":"https:\/\/www.egemtv.com\/index.php?rest_route=%2Fwp%2Fv2%2Fmedia&parent=57542"}],"wp:term":[{"taxonomy":"category","embeddable":true,"href":"https:\/\/www.egemtv.com\/index.php?rest_route=%2Fwp%2Fv2%2Fcategories&post=57542"},{"taxonomy":"post_tag","embeddable":true,"href":"https:\/\/www.egemtv.com\/index.php?rest_route=%2Fwp%2Fv2%2Ftags&post=57542"}],"curies":[{"name":"wp","href":"https:\/\/api.w.org\/{rel}","templated":true}]}}