{"id":57539,"date":"2025-09-26T15:34:58","date_gmt":"2025-09-26T12:34:58","guid":{"rendered":"https:\/\/www.egemtv.com\/?p=57539"},"modified":"2025-09-26T15:34:59","modified_gmt":"2025-09-26T12:34:59","slug":"nazillide-rusvet-operasyonu","status":"publish","type":"post","link":"https:\/\/www.egemtv.com\/?p=57539","title":{"rendered":"Nazilli\u2019de r\u00fc\u015fvet operasyonu"},"content":{"rendered":"<p>Ayd\u0131n\u2019\u0131n Nazilli il\u00e7esinde, T\u00fct\u00fcn ve Alkol Piyasas\u0131 D\u00fczenleme Kurumu (TAPDK) belgesi olmadan sat\u0131\u015f yapt\u0131\u011f\u0131 belirlenen restorana y\u00f6nelik ba\u015flat\u0131lan soru\u015fturma geni\u015fletildi. Yap\u0131lan operasyonda WhatsApp g\u00f6r\u00fc\u015fmeleri delil kabul edilirken g\u00f6zalt\u0131na al\u0131nan biri bek\u00e7i, 2\u2019si polis toplam 7 ki\u015fi adliyeye sevk edildi. Mahkeme i\u015fletme sahibi ile bek\u00e7inin tutuklanmas\u0131na karar verdi.<br \/>\n<br \/>Edinilen bilgiye g\u00f6re; Ayd\u0131n \u0130l Jandarma Komutanl\u0131\u011f\u0131 Ka\u00e7ak\u00e7\u0131l\u0131k ve Organize Su\u00e7larla M\u00fccadele \u015eubesi ekipleri, gelen bir ihbar \u00fczerine Nazilli\u2019nin \u0130sabeyli Mahallesi\u2019nde bulunan restoran\u0131 teknik ve fiziki takibe ald\u0131. \u00dc\u00e7 ay s\u00fcren takipte, i\u015fletmenin TAPDK belgesi olmadan sat\u0131\u015f yapt\u0131\u011f\u0131 ve denetimlerden \u00f6nceden haberdar oldu\u011fu belirlendi. \u015e\u00fcphelilerin telefon ve WhatsApp g\u00f6r\u00fc\u015fmeleri de dosyaya delil olarak eklendi.<br \/>\n<br \/>Nazilli Cumhuriyet Ba\u015fsavc\u0131l\u0131\u011f\u0131 taraf\u0131ndan ge\u00e7ti\u011fimiz Sal\u0131 g\u00fcn\u00fc  d\u00fczenlenen \u015fafak operasyonunda restoran i\u015fletmecisi Y.E., orta\u011f\u0131 A.B.K., A.K., \u00d6.E. ile emniyet mensuplar\u0131 A.Y. ve V.K. ilk g\u00fcn T.T. ise daha sonra g\u00f6zalt\u0131na al\u0131nd\u0131.<br \/>\n<br \/>Adliyeye sevk edilen \u015f\u00fcphelilerden Y.E. ve bek\u00e7i V.K. tutuklan\u0131rken, restoran sahibi Y.E.\u2019nin babas\u0131 \u00d6.E. ile emekli polis A.Y. ev hapsine al\u0131nd\u0131. Ortaklardan A.B.K. ve karde\u015fi A.K. ise adli kontrol ve yurtd\u0131\u015f\u0131 yasa\u011f\u0131 \u015fart\u0131yla serbest b\u0131rak\u0131ld\u0131.<br \/>\n<br \/>Operasyonun 2. Dalgas\u0131nda jandarma taraf\u0131ndan g\u00f6zalt\u0131na al\u0131nan T.T. isimli polis memuru da \u00e7\u0131kar\u0131ld\u0131\u011f\u0131 mahkemece serbest b\u0131rak\u0131ld\u0131.<br \/><\/p>\n","protected":false},"excerpt":{"rendered":"<p>Ayd\u0131n\u2019\u0131n Nazilli il\u00e7esinde, T\u00fct\u00fcn ve Alkol Piyasas\u0131 D\u00fczenleme Kurumu (TAPDK) belgesi olmadan sat\u0131\u015f yapt\u0131\u011f\u0131 belirlenen restorana y\u00f6nelik ba\u015flat\u0131lan soru\u015fturma geni\u015fletildi. Yap\u0131lan operasyonda WhatsApp g\u00f6r\u00fc\u015fmeleri delil kabul edilirken g\u00f6zalt\u0131na al\u0131nan biri bek\u00e7i, 2\u2019si polis toplam 7 ki\u015fi adliyeye sevk edildi. Mahkeme i\u015fletme sahibi ile bek\u00e7inin tutuklanmas\u0131na karar verdi. Edinilen bilgiye g\u00f6re; Ayd\u0131n \u0130l Jandarma Komutanl\u0131\u011f\u0131 Ka\u00e7ak\u00e7\u0131l\u0131k&#8230;<\/p>\n","protected":false},"author":1,"featured_media":57540,"comment_status":"open","ping_status":"open","sticky":false,"template":"","format":"standard","meta":{"_crdt_document":"","footnotes":""},"categories":[5],"tags":[],"class_list":["post-57539","post","type-post","status-publish","format-standard","has-post-thumbnail","hentry","category-asayis"],"_links":{"self":[{"href":"https:\/\/www.egemtv.com\/index.php?rest_route=\/wp\/v2\/posts\/57539","targetHints":{"allow":["GET"]}}],"collection":[{"href":"https:\/\/www.egemtv.com\/index.php?rest_route=\/wp\/v2\/posts"}],"about":[{"href":"https:\/\/www.egemtv.com\/index.php?rest_route=\/wp\/v2\/types\/post"}],"author":[{"embeddable":true,"href":"https:\/\/www.egemtv.com\/index.php?rest_route=\/wp\/v2\/users\/1"}],"replies":[{"embeddable":true,"href":"https:\/\/www.egemtv.com\/index.php?rest_route=%2Fwp%2Fv2%2Fcomments&post=57539"}],"version-history":[{"count":1,"href":"https:\/\/www.egemtv.com\/index.php?rest_route=\/wp\/v2\/posts\/57539\/revisions"}],"predecessor-version":[{"id":57541,"href":"https:\/\/www.egemtv.com\/index.php?rest_route=\/wp\/v2\/posts\/57539\/revisions\/57541"}],"wp:featuredmedia":[{"embeddable":true,"href":"https:\/\/www.egemtv.com\/index.php?rest_route=\/wp\/v2\/media\/57540"}],"wp:attachment":[{"href":"https:\/\/www.egemtv.com\/index.php?rest_route=%2Fwp%2Fv2%2Fmedia&parent=57539"}],"wp:term":[{"taxonomy":"category","embeddable":true,"href":"https:\/\/www.egemtv.com\/index.php?rest_route=%2Fwp%2Fv2%2Fcategories&post=57539"},{"taxonomy":"post_tag","embeddable":true,"href":"https:\/\/www.egemtv.com\/index.php?rest_route=%2Fwp%2Fv2%2Ftags&post=57539"}],"curies":[{"name":"wp","href":"https:\/\/api.w.org\/{rel}","templated":true}]}}