{"id":57536,"date":"2025-09-26T15:34:56","date_gmt":"2025-09-26T12:34:56","guid":{"rendered":"https:\/\/www.egemtv.com\/?p=57536"},"modified":"2025-09-26T15:34:57","modified_gmt":"2025-09-26T12:34:57","slug":"atiklarini-dereye-akitan-fabrikaya-yasal-islem-uygulandi","status":"publish","type":"post","link":"https:\/\/www.egemtv.com\/?p=57536","title":{"rendered":"At\u0131klar\u0131n\u0131 dereye ak\u0131tan fabrikaya yasal i\u015flem uyguland\u0131"},"content":{"rendered":"<p>Manisa\u2019n\u0131n Saruhanl\u0131 il\u00e7esinde gece saatlerinde at\u0131k ar\u0131tma sistemini devre d\u0131\u015f\u0131 b\u0131rakarak, ka\u00e7ak yollarla at\u0131klar\u0131 dereye tahliye edildi\u011finin tespit edilmesi \u00fczerine i\u015fletme hakk\u0131nda yasal i\u015flem uyguland\u0131.<br \/>\n<br \/>Manisa B\u00fcy\u00fck\u015fehir Belediyesi \u0130klim De\u011fi\u015fikli\u011fi ve S\u0131f\u0131r At\u0131k Dairesi Ba\u015fkanl\u0131\u011f\u0131 ekipleri, Saruhanl\u0131 il\u00e7esinde faaliyet g\u00f6steren bir fabrikan\u0131n at\u0131k ar\u0131tma sistemini ka\u00e7ak yollarla dereye ak\u0131tt\u0131\u011f\u0131n\u0131 tespit etti. Yap\u0131lan denetimler sonucunda ilgili fabrikaya yasal i\u015flemler uyguland\u0131.<br \/>\n<br \/>Manisa B\u00fcy\u00fck\u015fehir Belediyesi, \u00e7evreye duyarl\u0131 \u00e7al\u0131\u015fmalar\u0131n\u0131 s\u00fcrd\u00fcrerek denetim faaliyetlerini aral\u0131ks\u0131z s\u00fcrd\u00fcr\u00fcyor. Ekipler, Saruhanl\u0131 il\u00e7esi Hac\u0131rahmanl\u0131 Mahallesi\u2019nde bir fabrikan\u0131n gece saatlerinde at\u0131k ar\u0131tma sistemini devre d\u0131\u015f\u0131 b\u0131rakarak, \u00e7ekti\u011fi ka\u00e7ak hat \u00fczerinden at\u0131klar\u0131 dereye tahliye etti\u011fini belirledi.<br \/>\n<br \/>\u0130klim Zab\u0131tas\u0131 Ekipleri, durumu jandarma ekiplerine bildirdi. N\u00f6bet\u00e7i savc\u0131l\u0131k talimat\u0131yla ilgili birimlere bilgi verilerek gerekli yasal i\u015flemler ba\u015flat\u0131ld\u0131.<br \/><\/p>\n","protected":false},"excerpt":{"rendered":"<p>Manisa\u2019n\u0131n Saruhanl\u0131 il\u00e7esinde gece saatlerinde at\u0131k ar\u0131tma sistemini devre d\u0131\u015f\u0131 b\u0131rakarak, ka\u00e7ak yollarla at\u0131klar\u0131 dereye tahliye edildi\u011finin tespit edilmesi \u00fczerine i\u015fletme hakk\u0131nda yasal i\u015flem uyguland\u0131. Manisa B\u00fcy\u00fck\u015fehir Belediyesi \u0130klim De\u011fi\u015fikli\u011fi ve S\u0131f\u0131r At\u0131k Dairesi Ba\u015fkanl\u0131\u011f\u0131 ekipleri, Saruhanl\u0131 il\u00e7esinde faaliyet g\u00f6steren bir fabrikan\u0131n at\u0131k ar\u0131tma sistemini ka\u00e7ak yollarla dereye ak\u0131tt\u0131\u011f\u0131n\u0131 tespit etti. Yap\u0131lan denetimler sonucunda ilgili&#8230;<\/p>\n","protected":false},"author":1,"featured_media":57537,"comment_status":"open","ping_status":"open","sticky":false,"template":"","format":"standard","meta":{"_crdt_document":"","footnotes":""},"categories":[5],"tags":[],"class_list":["post-57536","post","type-post","status-publish","format-standard","has-post-thumbnail","hentry","category-asayis"],"_links":{"self":[{"href":"https:\/\/www.egemtv.com\/index.php?rest_route=\/wp\/v2\/posts\/57536","targetHints":{"allow":["GET"]}}],"collection":[{"href":"https:\/\/www.egemtv.com\/index.php?rest_route=\/wp\/v2\/posts"}],"about":[{"href":"https:\/\/www.egemtv.com\/index.php?rest_route=\/wp\/v2\/types\/post"}],"author":[{"embeddable":true,"href":"https:\/\/www.egemtv.com\/index.php?rest_route=\/wp\/v2\/users\/1"}],"replies":[{"embeddable":true,"href":"https:\/\/www.egemtv.com\/index.php?rest_route=%2Fwp%2Fv2%2Fcomments&post=57536"}],"version-history":[{"count":1,"href":"https:\/\/www.egemtv.com\/index.php?rest_route=\/wp\/v2\/posts\/57536\/revisions"}],"predecessor-version":[{"id":57538,"href":"https:\/\/www.egemtv.com\/index.php?rest_route=\/wp\/v2\/posts\/57536\/revisions\/57538"}],"wp:featuredmedia":[{"embeddable":true,"href":"https:\/\/www.egemtv.com\/index.php?rest_route=\/wp\/v2\/media\/57537"}],"wp:attachment":[{"href":"https:\/\/www.egemtv.com\/index.php?rest_route=%2Fwp%2Fv2%2Fmedia&parent=57536"}],"wp:term":[{"taxonomy":"category","embeddable":true,"href":"https:\/\/www.egemtv.com\/index.php?rest_route=%2Fwp%2Fv2%2Fcategories&post=57536"},{"taxonomy":"post_tag","embeddable":true,"href":"https:\/\/www.egemtv.com\/index.php?rest_route=%2Fwp%2Fv2%2Ftags&post=57536"}],"curies":[{"name":"wp","href":"https:\/\/api.w.org\/{rel}","templated":true}]}}