{"id":57533,"date":"2025-09-26T15:34:55","date_gmt":"2025-09-26T12:34:55","guid":{"rendered":"https:\/\/www.egemtv.com\/?p=57533"},"modified":"2025-09-26T15:34:56","modified_gmt":"2025-09-26T12:34:56","slug":"yanina-oturdugu-hasmini-kursun-yagmuruna-tutan-zanliya-haksiz-tahrik-ve-iyi-hal-indirimi","status":"publish","type":"post","link":"https:\/\/www.egemtv.com\/?p=57533","title":{"rendered":"Yan\u0131na oturdu\u011fu hasm\u0131n\u0131 kur\u015fun ya\u011fmuruna tutan zanl\u0131ya haks\u0131z tahrik ve iyi hal indirimi"},"content":{"rendered":"<p>Burdur\u2019da restoranda tart\u0131\u015ft\u0131\u011f\u0131 H\u00fcseyin Mete\u2019yi \u00f6ld\u00fcren Ramazan U\u00e7ar, \u00fc\u00e7\u00fcnc\u00fc kez hakim kar\u015f\u0131s\u0131na \u00e7\u0131kt\u0131. Mahkeme heyeti taraf\u0131ndan verilen kararda zanl\u0131 i\u00e7in haks\u0131z tahrik ve iyi hal indirimi verilirken 15 y\u0131l hapis cezas\u0131 verilmesi kararla\u015ft\u0131r\u0131ld\u0131.<br \/>\n<br \/>Olay, 31 Ekim 2024 tarihinde saat 21.00 s\u0131ralar\u0131nda Burdur merkez Sinan Mahallesi\u2019ndeki bir restoranda meydana geldi. \u0130ddialara g\u00f6re aralar\u0131nda ge\u00e7mi\u015ften gelen husumet bulunan Ramazan U\u00e7ar (36) ve H\u00fcseyin Mete (42) ayn\u0131 mekanda kar\u015f\u0131la\u015ft\u0131. Ramazan U\u00e7ar, H\u00fcseyin Mete\u2019nin bulundu\u011fu masaya yak\u0131n bir yere oturduktan k\u0131sa s\u00fcre sonra yan\u0131nda ta\u015f\u0131d\u0131\u011f\u0131 tabanca ile Mete\u2019ye 6 el ate\u015f etti ve olay yerinden ka\u00e7t\u0131. \u0130hbar \u00fczerine olay yerine sa\u011fl\u0131k ve polis ekipleri sevk edildi. Yap\u0131lan kontrollerde H\u00fcseyin Mete\u2019nin olay yerinde hayat\u0131n\u0131 kaybetti\u011fi belirlendi. Polis ekipleri, ka\u00e7an zanl\u0131y\u0131 k\u0131sa s\u00fcrede yakalayarak g\u00f6zalt\u0131na ald\u0131. Emniyetteki i\u015flemlerinin ard\u0131ndan adliyeye sevk edilen U\u00e7ar, \u00e7\u0131kar\u0131ld\u0131\u011f\u0131 mahkemece &#8220;kasten \u00f6ld\u00fcrme su\u00e7undan&#8221; tutuklanarak cezaevine g\u00f6nderildi. Soru\u015fturma kapsam\u0131nda U\u00e7ar hakk\u0131nda tasarlayarak kasten adam \u00f6ld\u00fcrme su\u00e7undan a\u011f\u0131rla\u015ft\u0131r\u0131lm\u0131\u015f m\u00fcebbet hapis cezas\u0131 talebiyle dava a\u00e7\u0131ld\u0131. Cinayet an\u0131 ise g\u00fcvenlik kameras\u0131na yans\u0131m\u0131\u015ft\u0131.<br \/>\n<br \/>Burdur\u2019da alkoll\u00fc restoranda kar\u015f\u0131la\u015ft\u0131\u011f\u0131 H\u00fcseyin Mete\u2019yi (42) kasten \u00f6ld\u00fcrme su\u00e7undan tutuklanan Ramazan U\u00e7ar, Burdur 2. A\u011f\u0131r Ceza Mahkemesi\u2019nde g\u00f6r\u00fclen \u00fc\u00e7\u00fcnc\u00fc duru\u015fmada hakim kar\u015f\u0131s\u0131na \u00e7\u0131kt\u0131. Duru\u015fmaya san\u0131k U\u00e7ar, Ses ve G\u00f6r\u00fcnt\u00fc Bili\u015fim Sistemleri (SEGB\u0130S) ile ba\u011flan\u0131rken, maktul\u00fcn babas\u0131 Nihat Mete ve taraf avukatlar\u0131 salonda haz\u0131r bulundu.<br \/>\n<br \/>M\u00fc\u015fteki avukat\u0131 m\u00fctalaaya kat\u0131ld\u0131klar\u0131n\u0131 beyan ederek san\u0131\u011f\u0131n haks\u0131z tahrik h\u00fck\u00fcmlerinden yararlanmak istedi\u011fini ancak olay\u0131n tasarlayarak ger\u00e7ekle\u015ftirildi\u011fi i\u00e7in haks\u0131z tahrik h\u00fck\u00fcmleri uygulanmamas\u0131n\u0131, san\u0131\u011f\u0131n en \u00fcst radden cezaland\u0131r\u0131lmas\u0131n\u0131 talep etti. Maktul H\u00fcseyin Mete\u2019nin babas\u0131 Nihat Mete\u2019de m\u00fctalaaya kat\u0131ld\u0131\u011f\u0131n\u0131 beyan ederek san\u0131\u011f\u0131n en a\u011f\u0131r cezay\u0131 almas\u0131n\u0131 istedi.<br \/>\n<br \/>San\u0131k avukat\u0131 m\u00fctalaaya kat\u0131lmad\u0131klar\u0131n\u0131 beyan ederek bir \u00f6nceki duru\u015fmada oldu\u011fu gibi m\u00fctalaaya kar\u015f\u0131 \u00e7\u0131kt\u0131. Ayr\u0131ca olayda tasarlayarak \u00f6ld\u00fcrme unsular\u0131n\u0131n bulunmad\u0131\u011f\u0131n\u0131 beyan ederek soru\u015fturma a\u015famas\u0131ndaki tan\u0131klar\u0131n mahkeme huzurunda da dinlenmesini de tekrardan isteyerek m\u00fcvekkilinin uygun g\u00f6r\u00fclen \u015fartlarda tahliyesini talep etti.<\/p>\n<p>Zanl\u0131ya haks\u0131z tahrik ve iyi hal indirimi<br \/>\n<br \/>Tutuklu san\u0131k Ramazan U\u00e7ar mahkemedeki savunmas\u0131nda m\u00fctalaadaki tasarlama k\u0131sm\u0131n\u0131 kabul etmedi\u011fini belirterek; &#8220;Ge\u00e7en duru\u015fmadaki savunmam\u0131 aynen tekrar ediyorum. Bu \u015fekilde bir olay ya\u015fanmas\u0131n\u0131 istemezdim. Pi\u015fman\u0131m. Takdir mahkemenindir&#8221; dedi.<br \/>\n<br \/>Mahkeme heyeti duru\u015fmaya k\u0131sa bir ara verdikten sonra san\u0131k Ramazan U\u00e7ar\u2019\u0131n haks\u0131z tahrik ve iyi hal indirimi uygulanarak 15 y\u0131l, ruhsats\u0131z silah bulundurmadan 10 ay ve 2 bin 500 lira para cezas\u0131na karar verdi.<br \/><\/p>\n","protected":false},"excerpt":{"rendered":"<p>Burdur\u2019da restoranda tart\u0131\u015ft\u0131\u011f\u0131 H\u00fcseyin Mete\u2019yi \u00f6ld\u00fcren Ramazan U\u00e7ar, \u00fc\u00e7\u00fcnc\u00fc kez hakim kar\u015f\u0131s\u0131na \u00e7\u0131kt\u0131. Mahkeme heyeti taraf\u0131ndan verilen kararda zanl\u0131 i\u00e7in haks\u0131z tahrik ve iyi hal indirimi verilirken 15 y\u0131l hapis cezas\u0131 verilmesi kararla\u015ft\u0131r\u0131ld\u0131. Olay, 31 Ekim 2024 tarihinde saat 21.00 s\u0131ralar\u0131nda Burdur merkez Sinan Mahallesi\u2019ndeki bir restoranda meydana geldi. \u0130ddialara g\u00f6re aralar\u0131nda ge\u00e7mi\u015ften gelen husumet&#8230;<\/p>\n","protected":false},"author":1,"featured_media":57534,"comment_status":"open","ping_status":"open","sticky":false,"template":"","format":"standard","meta":{"_crdt_document":"","footnotes":""},"categories":[5],"tags":[],"class_list":["post-57533","post","type-post","status-publish","format-standard","has-post-thumbnail","hentry","category-asayis"],"_links":{"self":[{"href":"https:\/\/www.egemtv.com\/index.php?rest_route=\/wp\/v2\/posts\/57533","targetHints":{"allow":["GET"]}}],"collection":[{"href":"https:\/\/www.egemtv.com\/index.php?rest_route=\/wp\/v2\/posts"}],"about":[{"href":"https:\/\/www.egemtv.com\/index.php?rest_route=\/wp\/v2\/types\/post"}],"author":[{"embeddable":true,"href":"https:\/\/www.egemtv.com\/index.php?rest_route=\/wp\/v2\/users\/1"}],"replies":[{"embeddable":true,"href":"https:\/\/www.egemtv.com\/index.php?rest_route=%2Fwp%2Fv2%2Fcomments&post=57533"}],"version-history":[{"count":1,"href":"https:\/\/www.egemtv.com\/index.php?rest_route=\/wp\/v2\/posts\/57533\/revisions"}],"predecessor-version":[{"id":57535,"href":"https:\/\/www.egemtv.com\/index.php?rest_route=\/wp\/v2\/posts\/57533\/revisions\/57535"}],"wp:featuredmedia":[{"embeddable":true,"href":"https:\/\/www.egemtv.com\/index.php?rest_route=\/wp\/v2\/media\/57534"}],"wp:attachment":[{"href":"https:\/\/www.egemtv.com\/index.php?rest_route=%2Fwp%2Fv2%2Fmedia&parent=57533"}],"wp:term":[{"taxonomy":"category","embeddable":true,"href":"https:\/\/www.egemtv.com\/index.php?rest_route=%2Fwp%2Fv2%2Fcategories&post=57533"},{"taxonomy":"post_tag","embeddable":true,"href":"https:\/\/www.egemtv.com\/index.php?rest_route=%2Fwp%2Fv2%2Ftags&post=57533"}],"curies":[{"name":"wp","href":"https:\/\/api.w.org\/{rel}","templated":true}]}}