{"id":57530,"date":"2025-09-26T15:34:54","date_gmt":"2025-09-26T12:34:54","guid":{"rendered":"https:\/\/www.egemtv.com\/?p=57530"},"modified":"2025-09-26T15:34:55","modified_gmt":"2025-09-26T12:34:55","slug":"gocmen-kacakcisi-tutuklandi","status":"publish","type":"post","link":"https:\/\/www.egemtv.com\/?p=57530","title":{"rendered":"G\u00f6\u00e7men ka\u00e7ak\u00e7\u0131s\u0131 tutukland\u0131"},"content":{"rendered":"<p>Afyonkarahisar\u2019da kulland\u0131\u011f\u0131 arac\u0131n bagaj\u0131nda d\u00fczensiz g\u00f6\u00e7men ta\u015f\u0131yan bir \u015fah\u0131s polisin dikkati sayesinde yakalan\u0131rken, olayla ilgili ki\u015fi tutukland\u0131.<br \/>\n<br \/>Edinilen bilgilere g\u00f6re, kentin giri\u015f noktas\u0131nda denetim yapan ekipler \u015f\u00fcphe \u00fczerine bir arac\u0131 durdurarak arama yapt\u0131. Aramada arac\u0131n bagaj\u0131nda 1 ki\u015fi yakaland\u0131. Olay\u0131n ard\u0131ndan ara\u00e7 s\u00fcr\u00fcc\u00fcs\u00fc \u0130.\u00c7., organizat\u00f6r olarak g\u00f6zalt\u0131na al\u0131nd\u0131. \u015eah\u0131s emniyetteki i\u015flemlerinin ard\u0131nda sevk edildi mahkeme taraf\u0131ndan tutuklanarak cezaevine g\u00f6nderildi.<br \/><\/p>\n","protected":false},"excerpt":{"rendered":"<p>Afyonkarahisar\u2019da kulland\u0131\u011f\u0131 arac\u0131n bagaj\u0131nda d\u00fczensiz g\u00f6\u00e7men ta\u015f\u0131yan bir \u015fah\u0131s polisin dikkati sayesinde yakalan\u0131rken, olayla ilgili ki\u015fi tutukland\u0131. Edinilen bilgilere g\u00f6re, kentin giri\u015f noktas\u0131nda denetim yapan ekipler \u015f\u00fcphe \u00fczerine bir arac\u0131 durdurarak arama yapt\u0131. Aramada arac\u0131n bagaj\u0131nda 1 ki\u015fi yakaland\u0131. Olay\u0131n ard\u0131ndan ara\u00e7 s\u00fcr\u00fcc\u00fcs\u00fc \u0130.\u00c7., organizat\u00f6r olarak g\u00f6zalt\u0131na al\u0131nd\u0131. \u015eah\u0131s emniyetteki i\u015flemlerinin ard\u0131nda sevk edildi mahkeme&#8230;<\/p>\n","protected":false},"author":1,"featured_media":57531,"comment_status":"open","ping_status":"open","sticky":false,"template":"","format":"standard","meta":{"_crdt_document":"","footnotes":""},"categories":[5],"tags":[],"class_list":["post-57530","post","type-post","status-publish","format-standard","has-post-thumbnail","hentry","category-asayis"],"_links":{"self":[{"href":"https:\/\/www.egemtv.com\/index.php?rest_route=\/wp\/v2\/posts\/57530","targetHints":{"allow":["GET"]}}],"collection":[{"href":"https:\/\/www.egemtv.com\/index.php?rest_route=\/wp\/v2\/posts"}],"about":[{"href":"https:\/\/www.egemtv.com\/index.php?rest_route=\/wp\/v2\/types\/post"}],"author":[{"embeddable":true,"href":"https:\/\/www.egemtv.com\/index.php?rest_route=\/wp\/v2\/users\/1"}],"replies":[{"embeddable":true,"href":"https:\/\/www.egemtv.com\/index.php?rest_route=%2Fwp%2Fv2%2Fcomments&post=57530"}],"version-history":[{"count":1,"href":"https:\/\/www.egemtv.com\/index.php?rest_route=\/wp\/v2\/posts\/57530\/revisions"}],"predecessor-version":[{"id":57532,"href":"https:\/\/www.egemtv.com\/index.php?rest_route=\/wp\/v2\/posts\/57530\/revisions\/57532"}],"wp:featuredmedia":[{"embeddable":true,"href":"https:\/\/www.egemtv.com\/index.php?rest_route=\/wp\/v2\/media\/57531"}],"wp:attachment":[{"href":"https:\/\/www.egemtv.com\/index.php?rest_route=%2Fwp%2Fv2%2Fmedia&parent=57530"}],"wp:term":[{"taxonomy":"category","embeddable":true,"href":"https:\/\/www.egemtv.com\/index.php?rest_route=%2Fwp%2Fv2%2Fcategories&post=57530"},{"taxonomy":"post_tag","embeddable":true,"href":"https:\/\/www.egemtv.com\/index.php?rest_route=%2Fwp%2Fv2%2Ftags&post=57530"}],"curies":[{"name":"wp","href":"https:\/\/api.w.org\/{rel}","templated":true}]}}