{"id":57527,"date":"2025-09-26T15:15:13","date_gmt":"2025-09-26T12:15:13","guid":{"rendered":"https:\/\/www.egemtv.com\/?p=57527"},"modified":"2025-09-26T15:15:15","modified_gmt":"2025-09-26T12:15:15","slug":"okul-bahcesinde-fidan-diktiler","status":"publish","type":"post","link":"https:\/\/www.egemtv.com\/?p=57527","title":{"rendered":"Okul bah\u00e7esinde fidan diktiler"},"content":{"rendered":"<p>2025 \u2019Aile y\u0131l\u0131\u2019 ve T\u00fcrkiye Y\u00fczy\u0131l\u0131 Maarif Modeli kapsam\u0131nda \u2019Ye\u015fil vatan\u2019 temas\u0131yla d\u00fczenlenen etkinlikte Manisa\u2019n\u0131n Ala\u015fehir il\u00e7esinde \u00f6\u011frenciler ve veliler, okul bah\u00e7esinde zeytin fidan\u0131 dikip, k\u0131\u015fl\u0131k sebzeler ekti.<br \/>\n<br \/>Manisa\u2019n\u0131n Ala\u015fehir il\u00e7esine ba\u011fl\u0131 Delemenler Mahallesi\u2019nde, Delemenler \u0130lkokulu\/Ortaokulu \u00f6\u011frencileri ve velileri, \u2019Ye\u015fil Vatan\u2019 temas\u0131 kapsam\u0131nda okul bah\u00e7esinde a\u011fa\u00e7 dikimi ve tar\u0131m uygulamalar\u0131 ger\u00e7ekle\u015ftirdi.<br \/>\n<br \/>Cumhurba\u015fkanl\u0131\u011f\u0131 taraf\u0131ndan 2025 y\u0131l\u0131n\u0131n &#8220;Aile Y\u0131l\u0131&#8221; ilan edilmesi ve T\u00fcrkiye Y\u00fczy\u0131l\u0131 Maarif Modeli do\u011frultusunda d\u00fczenlenen etkinlikte, zeytin fidan\u0131 dikilirken, \u0131spanak, tere, roka ve maydanoz gibi k\u0131\u015fl\u0131k sebzeler de ekildi.<br \/>\n<br \/>Okul Aile Birli\u011fi ile okul idaresi taraf\u0131ndan organize edilen etkinlikte, \u00f6\u011frenciler ve veliler i\u015f birli\u011fiyle bah\u00e7eyi haz\u0131rlad\u0131. Etkinlik, hem aile kat\u0131l\u0131m\u0131n\u0131 art\u0131rd\u0131 hem de \u00e7evre bilincini peki\u015ftirdi.<br \/>\n<br \/>Okul M\u00fcd\u00fcr\u00fc Do\u011fan \u015eavur, &#8220;Amac\u0131m\u0131z, \u00f6\u011frencilerimize do\u011fa sevgisi kazand\u0131rmak, \u00e7evre bilincini art\u0131rmak ve \u2018Ye\u015fil Vatan\u2019 fark\u0131ndal\u0131\u011f\u0131n\u0131 topluma yaymak. Ayn\u0131 zamanda okul ve veliler i\u015f birli\u011fini g\u00fc\u00e7lendirmek ve uygulamal\u0131 e\u011fitim imkan\u0131 sunmak istiyoruz.&#8221; dedi.<br \/><\/p>\n","protected":false},"excerpt":{"rendered":"<p>2025 \u2019Aile y\u0131l\u0131\u2019 ve T\u00fcrkiye Y\u00fczy\u0131l\u0131 Maarif Modeli kapsam\u0131nda \u2019Ye\u015fil vatan\u2019 temas\u0131yla d\u00fczenlenen etkinlikte Manisa\u2019n\u0131n Ala\u015fehir il\u00e7esinde \u00f6\u011frenciler ve veliler, okul bah\u00e7esinde zeytin fidan\u0131 dikip, k\u0131\u015fl\u0131k sebzeler ekti. Manisa\u2019n\u0131n Ala\u015fehir il\u00e7esine ba\u011fl\u0131 Delemenler Mahallesi\u2019nde, Delemenler \u0130lkokulu\/Ortaokulu \u00f6\u011frencileri ve velileri, \u2019Ye\u015fil Vatan\u2019 temas\u0131 kapsam\u0131nda okul bah\u00e7esinde a\u011fa\u00e7 dikimi ve tar\u0131m uygulamalar\u0131 ger\u00e7ekle\u015ftirdi. Cumhurba\u015fkanl\u0131\u011f\u0131 taraf\u0131ndan 2025 y\u0131l\u0131n\u0131n&#8230;<\/p>\n","protected":false},"author":1,"featured_media":57528,"comment_status":"open","ping_status":"open","sticky":false,"template":"","format":"standard","meta":{"_crdt_document":"","footnotes":""},"categories":[1],"tags":[],"class_list":["post-57527","post","type-post","status-publish","format-standard","has-post-thumbnail","hentry","category-guncel"],"_links":{"self":[{"href":"https:\/\/www.egemtv.com\/index.php?rest_route=\/wp\/v2\/posts\/57527","targetHints":{"allow":["GET"]}}],"collection":[{"href":"https:\/\/www.egemtv.com\/index.php?rest_route=\/wp\/v2\/posts"}],"about":[{"href":"https:\/\/www.egemtv.com\/index.php?rest_route=\/wp\/v2\/types\/post"}],"author":[{"embeddable":true,"href":"https:\/\/www.egemtv.com\/index.php?rest_route=\/wp\/v2\/users\/1"}],"replies":[{"embeddable":true,"href":"https:\/\/www.egemtv.com\/index.php?rest_route=%2Fwp%2Fv2%2Fcomments&post=57527"}],"version-history":[{"count":1,"href":"https:\/\/www.egemtv.com\/index.php?rest_route=\/wp\/v2\/posts\/57527\/revisions"}],"predecessor-version":[{"id":57529,"href":"https:\/\/www.egemtv.com\/index.php?rest_route=\/wp\/v2\/posts\/57527\/revisions\/57529"}],"wp:featuredmedia":[{"embeddable":true,"href":"https:\/\/www.egemtv.com\/index.php?rest_route=\/wp\/v2\/media\/57528"}],"wp:attachment":[{"href":"https:\/\/www.egemtv.com\/index.php?rest_route=%2Fwp%2Fv2%2Fmedia&parent=57527"}],"wp:term":[{"taxonomy":"category","embeddable":true,"href":"https:\/\/www.egemtv.com\/index.php?rest_route=%2Fwp%2Fv2%2Fcategories&post=57527"},{"taxonomy":"post_tag","embeddable":true,"href":"https:\/\/www.egemtv.com\/index.php?rest_route=%2Fwp%2Fv2%2Ftags&post=57527"}],"curies":[{"name":"wp","href":"https:\/\/api.w.org\/{rel}","templated":true}]}}