{"id":57524,"date":"2025-09-26T15:15:11","date_gmt":"2025-09-26T12:15:11","guid":{"rendered":"https:\/\/www.egemtv.com\/?p=57524"},"modified":"2025-09-26T15:15:13","modified_gmt":"2025-09-26T12:15:13","slug":"gece-agila-giren-kurt-8-kuzuyu-telef-etti","status":"publish","type":"post","link":"https:\/\/www.egemtv.com\/?p=57524","title":{"rendered":"Gece a\u011f\u0131la giren kurt, 8 kuzuyu telef etti"},"content":{"rendered":"<p>Denizli\u2019nin Ac\u0131payam il\u00e7esi Gedikli Mahallesi\u2019nde gece saatlerinde a\u011f\u0131la giren kurt, 8 kuzuyu telef etti.<br \/>\n<br \/>Olay, d\u00fcn gece saatlerinde Denizli\u2019nin Ac\u0131payam il\u00e7esi Gedikli Mahallesi\u2019nde meydana geldi. Edinilen bilgiye g\u00f6re, ekolojik d\u00fczeni korumak amac\u0131yla Tar\u0131m ve Orman Bakanl\u0131\u011f\u0131 taraf\u0131ndan do\u011faya sal\u0131nan kurtlar B\u00fcnyamin Helvac\u0131o\u011flu\u2019nun a\u011f\u0131l\u0131na girdi. A\u011f\u0131la giren kurtlar Helvac\u0131o\u011flu\u2019nun yeti\u015ftirmekte oldu\u011fu 8 kuzuya zarar verdi. A\u011f\u0131ldaki 8 kuzudan 4 tanesini bo\u011farak \u00f6ld\u00fcren kurtlar 4 tanesini de bo\u011fazlar\u0131ndan bo\u011fmaya \u00e7al\u0131\u015f\u0131rken a\u011f\u0131r yaralad\u0131.<br \/>\n<br \/>Gedikli Mahallesi\u2019nde \u00fc\u00e7\u00fcnc\u00fc kez kurt bo\u011fma vakas\u0131n\u0131n ya\u015fand\u0131\u011f\u0131n\u0131 belirten B\u00fcnyamin Helvac\u0131o\u011flu, &#8220;Ac\u0131payam gedikli mahallesinde yeti\u015ftirmekte oldu\u011fum kuzular\u0131m, ak\u015fam saatlerinde a\u011f\u0131la giren kurt taraf\u0131ndan 8 tane hayvan\u0131m telef edildi. Allah\u2019\u0131m bu ac\u0131y\u0131 ba\u015fka kimseye g\u00f6stermesin. \u015euan hayvanlar\u0131m\u0131n yar\u0131s\u0131 \u00f6ld\u00fc yar\u0131s\u0131 da yaral\u0131. \u00c7olu\u011fumun \u00e7ocu\u011fumun eme\u011fi zayi oldu. Devlet yetkilileri bu kurtlar\u0131 da\u011fda ki domuzu, ha\u015fereyi azaltmak i\u00e7in sald\u0131 ama kurtlar avlanmak yerine vatanda\u015flar\u0131n a\u011f\u0131llar\u0131na girip hayvanlar\u0131na zarar veriyor. Yetkilerden kurtlarla ilgili bir \u00e7\u00f6z\u00fcm bulmalar\u0131n\u0131 bekliyoruz. Bu Gedikli Mahallesi\u2019ndeki \u00fc\u00e7\u00fcnc\u00fc olay. \u0130ki olay \u00f6nceden ger\u00e7ekle\u015fti \u00fc\u00e7\u00fcnc\u00fcs\u00fc de bizim a\u011f\u0131lda ya\u015fand\u0131. Yetkiler derhal konuya el koyup \u00e7\u00f6z\u00fcm bulmal\u0131d\u0131r. Yoksa bu kurtlar buralarda k\u00fc\u00e7\u00fckba\u015f hayvan b\u0131rakmayacak. Burada hayvanc\u0131l\u0131kla ge\u00e7inen ailelerin \u00e7olu\u011funun \u00e7ocu\u011funun emekleri \u00e7\u00f6p olmadan bir \u00e7\u00f6z\u00fcm istiyoruz&#8221; dedi.<br \/><\/p>\n","protected":false},"excerpt":{"rendered":"<p>Denizli\u2019nin Ac\u0131payam il\u00e7esi Gedikli Mahallesi\u2019nde gece saatlerinde a\u011f\u0131la giren kurt, 8 kuzuyu telef etti. Olay, d\u00fcn gece saatlerinde Denizli\u2019nin Ac\u0131payam il\u00e7esi Gedikli Mahallesi\u2019nde meydana geldi. Edinilen bilgiye g\u00f6re, ekolojik d\u00fczeni korumak amac\u0131yla Tar\u0131m ve Orman Bakanl\u0131\u011f\u0131 taraf\u0131ndan do\u011faya sal\u0131nan kurtlar B\u00fcnyamin Helvac\u0131o\u011flu\u2019nun a\u011f\u0131l\u0131na girdi. A\u011f\u0131la giren kurtlar Helvac\u0131o\u011flu\u2019nun yeti\u015ftirmekte oldu\u011fu 8 kuzuya zarar verdi. A\u011f\u0131ldaki&#8230;<\/p>\n","protected":false},"author":1,"featured_media":57525,"comment_status":"open","ping_status":"open","sticky":false,"template":"","format":"standard","meta":{"_crdt_document":"","footnotes":""},"categories":[5],"tags":[],"class_list":["post-57524","post","type-post","status-publish","format-standard","has-post-thumbnail","hentry","category-asayis"],"_links":{"self":[{"href":"https:\/\/www.egemtv.com\/index.php?rest_route=\/wp\/v2\/posts\/57524","targetHints":{"allow":["GET"]}}],"collection":[{"href":"https:\/\/www.egemtv.com\/index.php?rest_route=\/wp\/v2\/posts"}],"about":[{"href":"https:\/\/www.egemtv.com\/index.php?rest_route=\/wp\/v2\/types\/post"}],"author":[{"embeddable":true,"href":"https:\/\/www.egemtv.com\/index.php?rest_route=\/wp\/v2\/users\/1"}],"replies":[{"embeddable":true,"href":"https:\/\/www.egemtv.com\/index.php?rest_route=%2Fwp%2Fv2%2Fcomments&post=57524"}],"version-history":[{"count":1,"href":"https:\/\/www.egemtv.com\/index.php?rest_route=\/wp\/v2\/posts\/57524\/revisions"}],"predecessor-version":[{"id":57526,"href":"https:\/\/www.egemtv.com\/index.php?rest_route=\/wp\/v2\/posts\/57524\/revisions\/57526"}],"wp:featuredmedia":[{"embeddable":true,"href":"https:\/\/www.egemtv.com\/index.php?rest_route=\/wp\/v2\/media\/57525"}],"wp:attachment":[{"href":"https:\/\/www.egemtv.com\/index.php?rest_route=%2Fwp%2Fv2%2Fmedia&parent=57524"}],"wp:term":[{"taxonomy":"category","embeddable":true,"href":"https:\/\/www.egemtv.com\/index.php?rest_route=%2Fwp%2Fv2%2Fcategories&post=57524"},{"taxonomy":"post_tag","embeddable":true,"href":"https:\/\/www.egemtv.com\/index.php?rest_route=%2Fwp%2Fv2%2Ftags&post=57524"}],"curies":[{"name":"wp","href":"https:\/\/api.w.org\/{rel}","templated":true}]}}