{"id":57521,"date":"2025-09-26T15:15:10","date_gmt":"2025-09-26T12:15:10","guid":{"rendered":"https:\/\/www.egemtv.com\/?p=57521"},"modified":"2025-09-26T15:15:11","modified_gmt":"2025-09-26T12:15:11","slug":"evin-bahcesinde-park-halinde-olan-motosiklet-kundaklandi","status":"publish","type":"post","link":"https:\/\/www.egemtv.com\/?p=57521","title":{"rendered":"Evin bah\u00e7esinde park halinde olan motosiklet kundakland\u0131"},"content":{"rendered":"<p>Denizli\u2019nin \u00c7ameli il\u00e7esi \u00c7aml\u0131bel Mahallesi\u2019nde evin bah\u00e7esinde park halinde bulunan motosiklet, kimli\u011fi belirsiz ki\u015fi ya da ki\u015filer taraf\u0131ndan kundakland\u0131.<\/p>\n<p>Olay, d\u00fcn gece saatlerinde Denizli\u2019nin \u00c7ameli il\u00e7esi \u00c7aml\u0131bel Mahallesi\u2019nde meydana geldi. Edinilen bilgiye g\u00f6re Osman Tanay\u2019a ait 20 BH 037 plakal\u0131 motosiklet evinin bah\u00e7esinde park halindeyken hen\u00fcz kimli\u011fi belirlenemeyen ki\u015fi ya da ki\u015filer taraf\u0131ndan kundakland\u0131. Yan\u0131c\u0131 madde d\u00f6k\u00fclerek yak\u0131lan motosikletten y\u00fckselen alevleri g\u00f6ren kom\u015fular durumu hemen  Tanay\u2019a haber verdiler. Osman Tanay ve kom\u015fular\u0131 hemen alevlerin y\u00fckseldi\u011fi motosikleti m\u00fcdahale etti. Yo\u011fun m\u00fcdahaleyle h\u0131zl\u0131ca m\u00fcdahale edilen motosiklet yang\u0131n\u0131 ba\u015fka bir yere s\u0131\u00e7ramadan s\u00f6nd\u00fcr\u00fcld\u00fc.<br \/>\n<br \/>Kundaklamayla ilgili soru\u015fturma ba\u015flat\u0131ld\u0131.<br \/><\/p>\n","protected":false},"excerpt":{"rendered":"<p>Denizli\u2019nin \u00c7ameli il\u00e7esi \u00c7aml\u0131bel Mahallesi\u2019nde evin bah\u00e7esinde park halinde bulunan motosiklet, kimli\u011fi belirsiz ki\u015fi ya da ki\u015filer taraf\u0131ndan kundakland\u0131. Olay, d\u00fcn gece saatlerinde Denizli\u2019nin \u00c7ameli il\u00e7esi \u00c7aml\u0131bel Mahallesi\u2019nde meydana geldi. Edinilen bilgiye g\u00f6re Osman Tanay\u2019a ait 20 BH 037 plakal\u0131 motosiklet evinin bah\u00e7esinde park halindeyken hen\u00fcz kimli\u011fi belirlenemeyen ki\u015fi ya da ki\u015filer taraf\u0131ndan kundakland\u0131. Yan\u0131c\u0131&#8230;<\/p>\n","protected":false},"author":1,"featured_media":57522,"comment_status":"open","ping_status":"open","sticky":false,"template":"","format":"standard","meta":{"_crdt_document":"","footnotes":""},"categories":[5],"tags":[],"class_list":["post-57521","post","type-post","status-publish","format-standard","has-post-thumbnail","hentry","category-asayis"],"_links":{"self":[{"href":"https:\/\/www.egemtv.com\/index.php?rest_route=\/wp\/v2\/posts\/57521","targetHints":{"allow":["GET"]}}],"collection":[{"href":"https:\/\/www.egemtv.com\/index.php?rest_route=\/wp\/v2\/posts"}],"about":[{"href":"https:\/\/www.egemtv.com\/index.php?rest_route=\/wp\/v2\/types\/post"}],"author":[{"embeddable":true,"href":"https:\/\/www.egemtv.com\/index.php?rest_route=\/wp\/v2\/users\/1"}],"replies":[{"embeddable":true,"href":"https:\/\/www.egemtv.com\/index.php?rest_route=%2Fwp%2Fv2%2Fcomments&post=57521"}],"version-history":[{"count":1,"href":"https:\/\/www.egemtv.com\/index.php?rest_route=\/wp\/v2\/posts\/57521\/revisions"}],"predecessor-version":[{"id":57523,"href":"https:\/\/www.egemtv.com\/index.php?rest_route=\/wp\/v2\/posts\/57521\/revisions\/57523"}],"wp:featuredmedia":[{"embeddable":true,"href":"https:\/\/www.egemtv.com\/index.php?rest_route=\/wp\/v2\/media\/57522"}],"wp:attachment":[{"href":"https:\/\/www.egemtv.com\/index.php?rest_route=%2Fwp%2Fv2%2Fmedia&parent=57521"}],"wp:term":[{"taxonomy":"category","embeddable":true,"href":"https:\/\/www.egemtv.com\/index.php?rest_route=%2Fwp%2Fv2%2Fcategories&post=57521"},{"taxonomy":"post_tag","embeddable":true,"href":"https:\/\/www.egemtv.com\/index.php?rest_route=%2Fwp%2Fv2%2Ftags&post=57521"}],"curies":[{"name":"wp","href":"https:\/\/api.w.org\/{rel}","templated":true}]}}