{"id":57518,"date":"2025-09-26T14:56:02","date_gmt":"2025-09-26T11:56:02","guid":{"rendered":"https:\/\/www.egemtv.com\/?p=57518"},"modified":"2025-09-26T14:56:03","modified_gmt":"2025-09-26T11:56:03","slug":"karayolu-incir-tarlasina-dondu-vatandaslar-ve-polis-ekipleri-yolu-acmak-icin-incir-toplandi","status":"publish","type":"post","link":"https:\/\/www.egemtv.com\/?p=57518","title":{"rendered":"Karayolu incir tarlas\u0131na d\u00f6nd\u00fc, vatanda\u015flar ve polis ekipleri yolu a\u00e7mak i\u00e7in incir topland\u0131"},"content":{"rendered":"<p>Ayd\u0131n-\u0130zmir Karayolu \u00fczerinde meydana gelen trafik kazas\u0131 sonucu karayolu incir tarlas\u0131na d\u00f6nd\u00fc. Kaza sonras\u0131 yola sa\u00e7\u0131lan incirler vatanda\u015flar ve polis ekipleri taraf\u0131ndan toplanarak yol trafi\u011fe a\u00e7\u0131ld\u0131.<br \/>\n<br \/>Kaza \u00f6\u011flen saatlerinde Ayd\u0131n-\u0130zmir Karayolu Karde\u015fk\u00f6y Kav\u015fa\u011f\u0131\u2019nda meydana geldi. Edinilen bilgiye g\u00f6re ayn\u0131 istikamete seyir halinde olan incir ta\u015f\u0131yan kamyonet ile otomobil \u00e7arp\u0131\u015ft\u0131. \u0130ncir y\u00fckl\u00fc kamyonetin \u00f6n\u00fcndeki otomobile \u00e7arpmas\u0131 sonucu meydana gelen kazada maddi hasar olu\u015furken kamyonetteki incir dolu kasalar da yola d\u00fc\u015ft\u00fc. Olduk\u00e7a de\u011ferli olan incirlerin telef olmamas\u0131 i\u00e7in vatanda\u015flar ve polis ekipleri adeta zamanla yar\u0131\u015farak yola d\u00f6k\u00fclen incirleri toplad\u0131. \u0130ncirlerin toplan\u0131p kazayla ilgili gerekli tutanaklar\u0131n tutulmas\u0131n\u0131n ard\u0131ndan yol trafi\u011fe a\u00e7\u0131ld\u0131.<br \/><\/p>\n","protected":false},"excerpt":{"rendered":"<p>Ayd\u0131n-\u0130zmir Karayolu \u00fczerinde meydana gelen trafik kazas\u0131 sonucu karayolu incir tarlas\u0131na d\u00f6nd\u00fc. Kaza sonras\u0131 yola sa\u00e7\u0131lan incirler vatanda\u015flar ve polis ekipleri taraf\u0131ndan toplanarak yol trafi\u011fe a\u00e7\u0131ld\u0131. Kaza \u00f6\u011flen saatlerinde Ayd\u0131n-\u0130zmir Karayolu Karde\u015fk\u00f6y Kav\u015fa\u011f\u0131\u2019nda meydana geldi. Edinilen bilgiye g\u00f6re ayn\u0131 istikamete seyir halinde olan incir ta\u015f\u0131yan kamyonet ile otomobil \u00e7arp\u0131\u015ft\u0131. \u0130ncir y\u00fckl\u00fc kamyonetin \u00f6n\u00fcndeki otomobile \u00e7arpmas\u0131&#8230;<\/p>\n","protected":false},"author":1,"featured_media":57519,"comment_status":"open","ping_status":"open","sticky":false,"template":"","format":"standard","meta":{"_crdt_document":"","footnotes":""},"categories":[5],"tags":[],"class_list":["post-57518","post","type-post","status-publish","format-standard","has-post-thumbnail","hentry","category-asayis"],"_links":{"self":[{"href":"https:\/\/www.egemtv.com\/index.php?rest_route=\/wp\/v2\/posts\/57518","targetHints":{"allow":["GET"]}}],"collection":[{"href":"https:\/\/www.egemtv.com\/index.php?rest_route=\/wp\/v2\/posts"}],"about":[{"href":"https:\/\/www.egemtv.com\/index.php?rest_route=\/wp\/v2\/types\/post"}],"author":[{"embeddable":true,"href":"https:\/\/www.egemtv.com\/index.php?rest_route=\/wp\/v2\/users\/1"}],"replies":[{"embeddable":true,"href":"https:\/\/www.egemtv.com\/index.php?rest_route=%2Fwp%2Fv2%2Fcomments&post=57518"}],"version-history":[{"count":1,"href":"https:\/\/www.egemtv.com\/index.php?rest_route=\/wp\/v2\/posts\/57518\/revisions"}],"predecessor-version":[{"id":57520,"href":"https:\/\/www.egemtv.com\/index.php?rest_route=\/wp\/v2\/posts\/57518\/revisions\/57520"}],"wp:featuredmedia":[{"embeddable":true,"href":"https:\/\/www.egemtv.com\/index.php?rest_route=\/wp\/v2\/media\/57519"}],"wp:attachment":[{"href":"https:\/\/www.egemtv.com\/index.php?rest_route=%2Fwp%2Fv2%2Fmedia&parent=57518"}],"wp:term":[{"taxonomy":"category","embeddable":true,"href":"https:\/\/www.egemtv.com\/index.php?rest_route=%2Fwp%2Fv2%2Fcategories&post=57518"},{"taxonomy":"post_tag","embeddable":true,"href":"https:\/\/www.egemtv.com\/index.php?rest_route=%2Fwp%2Fv2%2Ftags&post=57518"}],"curies":[{"name":"wp","href":"https:\/\/api.w.org\/{rel}","templated":true}]}}