{"id":57512,"date":"2025-09-26T14:56:00","date_gmt":"2025-09-26T11:56:00","guid":{"rendered":"https:\/\/www.egemtv.com\/?p=57512"},"modified":"2025-09-26T14:56:01","modified_gmt":"2025-09-26T11:56:01","slug":"sarigolde-ucretsiz-kurs-seferberligi-basliyor","status":"publish","type":"post","link":"https:\/\/www.egemtv.com\/?p=57512","title":{"rendered":"Sar\u0131g\u00f6l\u2019de \u00fccretsiz kurs seferberli\u011fi ba\u015fl\u0131yor"},"content":{"rendered":"<p>2025-2026 e\u011fitim \u00f6\u011fretim y\u0131l\u0131nda Manisa\u2019n\u0131n Sar\u0131g\u00f6l il\u00e7esinde el sanatlar\u0131ndan spora, mesleki e\u011fitimden k\u00fclt\u00fcrel kurslara kadar her ya\u015ftan vatanda\u015f\u0131n kat\u0131labilece\u011fi \u00fccretsiz kurslar a\u00e7\u0131lacak. Kaymakam Halil Dalak, halk e\u011fitim kurslar\u0131n\u0131n vatanda\u015flar\u0131n geli\u015fimine b\u00fcy\u00fck katk\u0131 sa\u011flad\u0131\u011f\u0131n\u0131 vurgulad\u0131.<br \/>\n<br \/>Sar\u0131g\u00f6l Kaymakam\u0131 Halil Dalak, 2025-2026 e\u011fitim \u00f6\u011fretim y\u0131l\u0131nda il\u00e7ede a\u00e7\u0131lacak kurslarla ilgili bilgilendirme toplant\u0131s\u0131 ger\u00e7ekle\u015ftirdi. Sar\u0131g\u00f6l Kaymakaml\u0131\u011f\u0131 toplant\u0131 salonunda d\u00fczenlenen toplant\u0131ya, \u0130l\u00e7e Milli E\u011fitim M\u00fcd\u00fcr\u00fc Cezmi Y\u0131ld\u0131rak, \u0130l\u00e7e Yaz\u0131 \u0130\u015fleri M\u00fcd\u00fcr\u00fc Erol \u00d6zder, \u0130l\u00e7e Gen\u00e7lik ve Spor M\u00fcd\u00fcr\u00fc G\u00f6khan Y\u0131ld\u0131r\u0131m ve Halk E\u011fitimi Merkezi M\u00fcd\u00fcr\u00fc Mahmut Akcin kat\u0131ld\u0131.<br \/>\n<br \/>Toplant\u0131da, Halk E\u011fitimi Merkezi ile \u0130l\u00e7e Gen\u00e7lik ve Spor M\u00fcd\u00fcrl\u00fc\u011f\u00fc taraf\u0131ndan a\u00e7\u0131lmas\u0131 planlanan kurs programlar\u0131 detayl\u0131 bir \u015fekilde ele al\u0131nd\u0131. Kaymakam Halil Dalak, halk e\u011fitim kurslar\u0131n\u0131n vatanda\u015flar\u0131n hem mesleki hem de ki\u015fisel geli\u015fimine \u00f6nemli katk\u0131lar sa\u011flad\u0131\u011f\u0131n\u0131 ifade etti.<br \/>\n<br \/>2025-2026 e\u011fitim \u00f6\u011fretim y\u0131l\u0131nda a\u00e7\u0131lacak kurslar\u0131n her ya\u015ftan kat\u0131l\u0131mc\u0131ya \u00fccretsiz olarak sunulaca\u011f\u0131 belirtildi. El sanatlar\u0131, spor, mesleki e\u011fitimler ve k\u00fclt\u00fcrel kurslar gibi bir\u00e7ok alanda d\u00fczenlenecek programlarla il\u00e7edeki vatanda\u015flar\u0131n farkl\u0131 alanlarda kendilerini geli\u015ftirmeleri hedefleniyor.<br \/>\n<br \/>Kaymakam Dalak, kurslar\u0131n planl\u0131 \u015fekilde y\u00fcr\u00fct\u00fclmesinin \u00f6nemine dikkat \u00e7ekerek vatanda\u015flar\u0131n bu f\u0131rsatlardan maksimum d\u00fczeyde yararlanmas\u0131n\u0131 istedi.<br \/><\/p>\n","protected":false},"excerpt":{"rendered":"<p>2025-2026 e\u011fitim \u00f6\u011fretim y\u0131l\u0131nda Manisa\u2019n\u0131n Sar\u0131g\u00f6l il\u00e7esinde el sanatlar\u0131ndan spora, mesleki e\u011fitimden k\u00fclt\u00fcrel kurslara kadar her ya\u015ftan vatanda\u015f\u0131n kat\u0131labilece\u011fi \u00fccretsiz kurslar a\u00e7\u0131lacak. Kaymakam Halil Dalak, halk e\u011fitim kurslar\u0131n\u0131n vatanda\u015flar\u0131n geli\u015fimine b\u00fcy\u00fck katk\u0131 sa\u011flad\u0131\u011f\u0131n\u0131 vurgulad\u0131. Sar\u0131g\u00f6l Kaymakam\u0131 Halil Dalak, 2025-2026 e\u011fitim \u00f6\u011fretim y\u0131l\u0131nda il\u00e7ede a\u00e7\u0131lacak kurslarla ilgili bilgilendirme toplant\u0131s\u0131 ger\u00e7ekle\u015ftirdi. Sar\u0131g\u00f6l Kaymakaml\u0131\u011f\u0131 toplant\u0131 salonunda d\u00fczenlenen toplant\u0131ya,&#8230;<\/p>\n","protected":false},"author":1,"featured_media":57513,"comment_status":"open","ping_status":"open","sticky":false,"template":"","format":"standard","meta":{"_crdt_document":"","footnotes":""},"categories":[1],"tags":[],"class_list":["post-57512","post","type-post","status-publish","format-standard","has-post-thumbnail","hentry","category-guncel"],"_links":{"self":[{"href":"https:\/\/www.egemtv.com\/index.php?rest_route=\/wp\/v2\/posts\/57512","targetHints":{"allow":["GET"]}}],"collection":[{"href":"https:\/\/www.egemtv.com\/index.php?rest_route=\/wp\/v2\/posts"}],"about":[{"href":"https:\/\/www.egemtv.com\/index.php?rest_route=\/wp\/v2\/types\/post"}],"author":[{"embeddable":true,"href":"https:\/\/www.egemtv.com\/index.php?rest_route=\/wp\/v2\/users\/1"}],"replies":[{"embeddable":true,"href":"https:\/\/www.egemtv.com\/index.php?rest_route=%2Fwp%2Fv2%2Fcomments&post=57512"}],"version-history":[{"count":1,"href":"https:\/\/www.egemtv.com\/index.php?rest_route=\/wp\/v2\/posts\/57512\/revisions"}],"predecessor-version":[{"id":57514,"href":"https:\/\/www.egemtv.com\/index.php?rest_route=\/wp\/v2\/posts\/57512\/revisions\/57514"}],"wp:featuredmedia":[{"embeddable":true,"href":"https:\/\/www.egemtv.com\/index.php?rest_route=\/wp\/v2\/media\/57513"}],"wp:attachment":[{"href":"https:\/\/www.egemtv.com\/index.php?rest_route=%2Fwp%2Fv2%2Fmedia&parent=57512"}],"wp:term":[{"taxonomy":"category","embeddable":true,"href":"https:\/\/www.egemtv.com\/index.php?rest_route=%2Fwp%2Fv2%2Fcategories&post=57512"},{"taxonomy":"post_tag","embeddable":true,"href":"https:\/\/www.egemtv.com\/index.php?rest_route=%2Fwp%2Fv2%2Ftags&post=57512"}],"curies":[{"name":"wp","href":"https:\/\/api.w.org\/{rel}","templated":true}]}}