{"id":57509,"date":"2025-09-26T14:55:59","date_gmt":"2025-09-26T11:55:59","guid":{"rendered":"https:\/\/www.egemtv.com\/?p=57509"},"modified":"2025-09-26T14:56:00","modified_gmt":"2025-09-26T11:56:00","slug":"koprubasi-belediyesporda-atilla-celik-donemi","status":"publish","type":"post","link":"https:\/\/www.egemtv.com\/?p=57509","title":{"rendered":"K\u00f6pr\u00fcba\u015f\u0131 Belediyespor\u2019da Atilla \u00c7elik d\u00f6nemi"},"content":{"rendered":"<p>Manisa S\u00fcper Amat\u00f6r K\u00fcme ekiplerinden K\u00f6pr\u00fcba\u015f\u0131 Belediyespor\u2019un yeni teknik direkt\u00f6r\u00fc Salihli\u2019nin tecr\u00fcbeli antren\u00f6r\u00fc Atilla \u00c7elik oldu.<br \/>\n<br \/>Ferdi Zeyrek Sezonu Manisa S\u00fcper Amat\u00f6r Lig C Grubu\u2019nda m\u00fccadele edecek olan K\u00f6pr\u00fcba\u015f\u0131 Belediyespor, Salihli Belediyespor, Seyrantepespor ve Salihli 45 FK gibi tak\u0131mlar\u0131n bulundu\u011fu grupta yer alacak. Yeni sezonda ba\u015far\u0131 hedefleyen K\u00f6pr\u00fcba\u015f\u0131 ekibi, teknik direkt\u00f6rl\u00fck g\u00f6revine Atilla \u00c7elik\u2019i getirdi. \u00c7elik, K\u00f6pr\u00fcba\u015f\u0131 Belediye Ba\u015fkan\u0131 Fatih Ta\u015fl\u0131\u2019n\u0131n da kat\u0131ld\u0131\u011f\u0131 t\u00f6rende resmi s\u00f6zle\u015fmeye imza att\u0131.<br \/>\n<br \/>Futbola Salihlispor altyap\u0131s\u0131nda ba\u015flayan Atilla \u00c7elik, ayn\u0131 kul\u00fcpte profesyonel olup 2 sezon forma giydi. Kariyerinde Bursaspor, Kar\u015f\u0131yaka, Sivas, G\u00f6ztepe, \u015eanl\u0131urfa, Kartal, Cizre ve Ofspor tak\u0131mlar\u0131nda da oynayan \u00c7elik, antren\u00f6rl\u00fck kariyerinde ise Poyrazdamlar\u0131, Salihli Belediyespor ve Kapanc\u0131spor\u2019da g\u00f6rev yapt\u0131.<br \/><\/p>\n","protected":false},"excerpt":{"rendered":"<p>Manisa S\u00fcper Amat\u00f6r K\u00fcme ekiplerinden K\u00f6pr\u00fcba\u015f\u0131 Belediyespor\u2019un yeni teknik direkt\u00f6r\u00fc Salihli\u2019nin tecr\u00fcbeli antren\u00f6r\u00fc Atilla \u00c7elik oldu. Ferdi Zeyrek Sezonu Manisa S\u00fcper Amat\u00f6r Lig C Grubu\u2019nda m\u00fccadele edecek olan K\u00f6pr\u00fcba\u015f\u0131 Belediyespor, Salihli Belediyespor, Seyrantepespor ve Salihli 45 FK gibi tak\u0131mlar\u0131n bulundu\u011fu grupta yer alacak. Yeni sezonda ba\u015far\u0131 hedefleyen K\u00f6pr\u00fcba\u015f\u0131 ekibi, teknik direkt\u00f6rl\u00fck g\u00f6revine Atilla \u00c7elik\u2019i getirdi&#8230;.<\/p>\n","protected":false},"author":1,"featured_media":57510,"comment_status":"open","ping_status":"open","sticky":false,"template":"","format":"standard","meta":{"_crdt_document":"","footnotes":""},"categories":[4],"tags":[],"class_list":["post-57509","post","type-post","status-publish","format-standard","has-post-thumbnail","hentry","category-spor"],"_links":{"self":[{"href":"https:\/\/www.egemtv.com\/index.php?rest_route=\/wp\/v2\/posts\/57509","targetHints":{"allow":["GET"]}}],"collection":[{"href":"https:\/\/www.egemtv.com\/index.php?rest_route=\/wp\/v2\/posts"}],"about":[{"href":"https:\/\/www.egemtv.com\/index.php?rest_route=\/wp\/v2\/types\/post"}],"author":[{"embeddable":true,"href":"https:\/\/www.egemtv.com\/index.php?rest_route=\/wp\/v2\/users\/1"}],"replies":[{"embeddable":true,"href":"https:\/\/www.egemtv.com\/index.php?rest_route=%2Fwp%2Fv2%2Fcomments&post=57509"}],"version-history":[{"count":1,"href":"https:\/\/www.egemtv.com\/index.php?rest_route=\/wp\/v2\/posts\/57509\/revisions"}],"predecessor-version":[{"id":57511,"href":"https:\/\/www.egemtv.com\/index.php?rest_route=\/wp\/v2\/posts\/57509\/revisions\/57511"}],"wp:featuredmedia":[{"embeddable":true,"href":"https:\/\/www.egemtv.com\/index.php?rest_route=\/wp\/v2\/media\/57510"}],"wp:attachment":[{"href":"https:\/\/www.egemtv.com\/index.php?rest_route=%2Fwp%2Fv2%2Fmedia&parent=57509"}],"wp:term":[{"taxonomy":"category","embeddable":true,"href":"https:\/\/www.egemtv.com\/index.php?rest_route=%2Fwp%2Fv2%2Fcategories&post=57509"},{"taxonomy":"post_tag","embeddable":true,"href":"https:\/\/www.egemtv.com\/index.php?rest_route=%2Fwp%2Fv2%2Ftags&post=57509"}],"curies":[{"name":"wp","href":"https:\/\/api.w.org\/{rel}","templated":true}]}}