{"id":57503,"date":"2025-09-26T14:14:54","date_gmt":"2025-09-26T11:14:54","guid":{"rendered":"https:\/\/www.egemtv.com\/?p=57503"},"modified":"2025-09-26T14:14:55","modified_gmt":"2025-09-26T11:14:55","slug":"aydinda-pamuk-toplama-fiyati-belirlendi","status":"publish","type":"post","link":"https:\/\/www.egemtv.com\/?p=57503","title":{"rendered":"Ayd\u0131n\u2019da pamuk toplama fiyat\u0131 belirlendi"},"content":{"rendered":"<p>Ayd\u0131n\u2019da tavsiye niteli\u011finde al\u0131nan makineli pamuk toplama \u00fccreti, 2025 y\u0131l\u0131 i\u00e7in nakliye hari\u00e7 1300 TL\/da olarak belirlendi.<br \/>\n<br \/>Efeler Ziraat Odas\u0131\u2019ndan yap\u0131lan a\u00e7\u0131klamada, &#8220;\u00dcretici ile pamuk toplama makinesi sahibi aras\u0131nda do\u011fabilecek bir anla\u015fmazl\u0131k olmas\u0131 durumunda yol g\u00f6sterici olabilmek ad\u0131na tavsiye niteli\u011finde al\u0131nan pamuk toplama \u00fccretleri belirlendi. Ayd\u0131n \u0130l Koordinasyon Kurulu olarak pamuk ekiminin yo\u011fun olarak yap\u0131ld\u0131\u011f\u0131 Germencik, \u0130ncirliova, Ko\u00e7arl\u0131, S\u00f6ke, Yenipazar, K\u00f6\u015fk ve Efeler Ziraat Odas\u0131 Ba\u015fkanlar\u0131n\u0131n yapt\u0131\u011f\u0131 g\u00f6r\u00fc\u015fmeler neticesinde pamuk toplama \u00fccretleri 2025 y\u0131l\u0131 i\u00e7in nakliye hari\u00e7 1300 tl\/da olarak belirlendi.  T\u00fcm pamuk \u00fcreticilerimize ve pamuk toplama makinesi sahiplerine hay\u0131rl\u0131 olmas\u0131n\u0131 dileriz&#8221; denildi.<br \/><\/p>\n","protected":false},"excerpt":{"rendered":"<p>Ayd\u0131n\u2019da tavsiye niteli\u011finde al\u0131nan makineli pamuk toplama \u00fccreti, 2025 y\u0131l\u0131 i\u00e7in nakliye hari\u00e7 1300 TL\/da olarak belirlendi. Efeler Ziraat Odas\u0131\u2019ndan yap\u0131lan a\u00e7\u0131klamada, &#8220;\u00dcretici ile pamuk toplama makinesi sahibi aras\u0131nda do\u011fabilecek bir anla\u015fmazl\u0131k olmas\u0131 durumunda yol g\u00f6sterici olabilmek ad\u0131na tavsiye niteli\u011finde al\u0131nan pamuk toplama \u00fccretleri belirlendi. Ayd\u0131n \u0130l Koordinasyon Kurulu olarak pamuk ekiminin yo\u011fun olarak yap\u0131ld\u0131\u011f\u0131&#8230;<\/p>\n","protected":false},"author":1,"featured_media":57504,"comment_status":"open","ping_status":"open","sticky":false,"template":"","format":"standard","meta":{"_crdt_document":"","footnotes":""},"categories":[1],"tags":[],"class_list":["post-57503","post","type-post","status-publish","format-standard","has-post-thumbnail","hentry","category-guncel"],"_links":{"self":[{"href":"https:\/\/www.egemtv.com\/index.php?rest_route=\/wp\/v2\/posts\/57503","targetHints":{"allow":["GET"]}}],"collection":[{"href":"https:\/\/www.egemtv.com\/index.php?rest_route=\/wp\/v2\/posts"}],"about":[{"href":"https:\/\/www.egemtv.com\/index.php?rest_route=\/wp\/v2\/types\/post"}],"author":[{"embeddable":true,"href":"https:\/\/www.egemtv.com\/index.php?rest_route=\/wp\/v2\/users\/1"}],"replies":[{"embeddable":true,"href":"https:\/\/www.egemtv.com\/index.php?rest_route=%2Fwp%2Fv2%2Fcomments&post=57503"}],"version-history":[{"count":1,"href":"https:\/\/www.egemtv.com\/index.php?rest_route=\/wp\/v2\/posts\/57503\/revisions"}],"predecessor-version":[{"id":57505,"href":"https:\/\/www.egemtv.com\/index.php?rest_route=\/wp\/v2\/posts\/57503\/revisions\/57505"}],"wp:featuredmedia":[{"embeddable":true,"href":"https:\/\/www.egemtv.com\/index.php?rest_route=\/wp\/v2\/media\/57504"}],"wp:attachment":[{"href":"https:\/\/www.egemtv.com\/index.php?rest_route=%2Fwp%2Fv2%2Fmedia&parent=57503"}],"wp:term":[{"taxonomy":"category","embeddable":true,"href":"https:\/\/www.egemtv.com\/index.php?rest_route=%2Fwp%2Fv2%2Fcategories&post=57503"},{"taxonomy":"post_tag","embeddable":true,"href":"https:\/\/www.egemtv.com\/index.php?rest_route=%2Fwp%2Fv2%2Ftags&post=57503"}],"curies":[{"name":"wp","href":"https:\/\/api.w.org\/{rel}","templated":true}]}}