{"id":57500,"date":"2025-09-26T14:14:53","date_gmt":"2025-09-26T11:14:53","guid":{"rendered":"https:\/\/www.egemtv.com\/?p=57500"},"modified":"2025-09-26T14:14:54","modified_gmt":"2025-09-26T11:14:54","slug":"sarigolde-ekmek-ve-simit-zamlandi","status":"publish","type":"post","link":"https:\/\/www.egemtv.com\/?p=57500","title":{"rendered":"Sar\u0131g\u00f6l\u2019de ekmek ve simit zamland\u0131"},"content":{"rendered":"<p>Manisa\u2019n\u0131n Sar\u0131g\u00f6l il\u00e7esinde 12 lira 50 kuru\u015ftan sat\u0131lan ekmek ve simit fiyatlar\u0131na zam yap\u0131ld\u0131. Yap\u0131lan zam sonras\u0131 il\u00e7ede ekmek ve simit fiyat\u0131 15 TL\u2019ye \u00e7\u0131kt\u0131.<br \/>\n<br \/>Manisa\u2019n\u0131n Sar\u0131g\u00f6l il\u00e7esinde 12 lira 50 kuru\u015ftan sat\u0131lan 200 gram ekmek ile yine 12 lira 50 kuru\u015ftan sat\u0131lan 100 gram simitin fiyat\u0131 yap\u0131lan zamlar sonras\u0131 15 TL\u2019ye y\u00fckseltildi. Ekmek ve simitin gramaj\u0131 ayn\u0131 kal\u0131rken yeni fiyatlar\u0131n bug\u00fcnden itibaren ge\u00e7erli olmaya ba\u015flad\u0131\u011f\u0131 bildirildi. Sar\u0131g\u00f6ll\u00fc f\u0131r\u0131nc\u0131lar zamm\u0131n artan girdi maliyetlerinin y\u00fckselmesinden kaynakland\u0131\u011f\u0131n\u0131 ifade etti.<br \/><\/p>\n","protected":false},"excerpt":{"rendered":"<p>Manisa\u2019n\u0131n Sar\u0131g\u00f6l il\u00e7esinde 12 lira 50 kuru\u015ftan sat\u0131lan ekmek ve simit fiyatlar\u0131na zam yap\u0131ld\u0131. Yap\u0131lan zam sonras\u0131 il\u00e7ede ekmek ve simit fiyat\u0131 15 TL\u2019ye \u00e7\u0131kt\u0131. Manisa\u2019n\u0131n Sar\u0131g\u00f6l il\u00e7esinde 12 lira 50 kuru\u015ftan sat\u0131lan 200 gram ekmek ile yine 12 lira 50 kuru\u015ftan sat\u0131lan 100 gram simitin fiyat\u0131 yap\u0131lan zamlar sonras\u0131 15 TL\u2019ye y\u00fckseltildi. Ekmek ve&#8230;<\/p>\n","protected":false},"author":1,"featured_media":57501,"comment_status":"open","ping_status":"open","sticky":false,"template":"","format":"standard","meta":{"_crdt_document":"","footnotes":""},"categories":[125],"tags":[],"class_list":["post-57500","post","type-post","status-publish","format-standard","has-post-thumbnail","hentry","category-ekonomi"],"_links":{"self":[{"href":"https:\/\/www.egemtv.com\/index.php?rest_route=\/wp\/v2\/posts\/57500","targetHints":{"allow":["GET"]}}],"collection":[{"href":"https:\/\/www.egemtv.com\/index.php?rest_route=\/wp\/v2\/posts"}],"about":[{"href":"https:\/\/www.egemtv.com\/index.php?rest_route=\/wp\/v2\/types\/post"}],"author":[{"embeddable":true,"href":"https:\/\/www.egemtv.com\/index.php?rest_route=\/wp\/v2\/users\/1"}],"replies":[{"embeddable":true,"href":"https:\/\/www.egemtv.com\/index.php?rest_route=%2Fwp%2Fv2%2Fcomments&post=57500"}],"version-history":[{"count":1,"href":"https:\/\/www.egemtv.com\/index.php?rest_route=\/wp\/v2\/posts\/57500\/revisions"}],"predecessor-version":[{"id":57502,"href":"https:\/\/www.egemtv.com\/index.php?rest_route=\/wp\/v2\/posts\/57500\/revisions\/57502"}],"wp:featuredmedia":[{"embeddable":true,"href":"https:\/\/www.egemtv.com\/index.php?rest_route=\/wp\/v2\/media\/57501"}],"wp:attachment":[{"href":"https:\/\/www.egemtv.com\/index.php?rest_route=%2Fwp%2Fv2%2Fmedia&parent=57500"}],"wp:term":[{"taxonomy":"category","embeddable":true,"href":"https:\/\/www.egemtv.com\/index.php?rest_route=%2Fwp%2Fv2%2Fcategories&post=57500"},{"taxonomy":"post_tag","embeddable":true,"href":"https:\/\/www.egemtv.com\/index.php?rest_route=%2Fwp%2Fv2%2Ftags&post=57500"}],"curies":[{"name":"wp","href":"https:\/\/api.w.org\/{rel}","templated":true}]}}