{"id":57497,"date":"2025-09-26T13:54:57","date_gmt":"2025-09-26T10:54:57","guid":{"rendered":"https:\/\/www.egemtv.com\/?p=57497"},"modified":"2025-09-26T13:54:58","modified_gmt":"2025-09-26T10:54:58","slug":"denizli-chpnin-iha-ve-sihalarindan-bikti","status":"publish","type":"post","link":"https:\/\/www.egemtv.com\/?p=57497","title":{"rendered":"Denizli CHP\u2019nin \u0130HA ve S\u0130HA\u2019lar\u0131ndan b\u0131kt\u0131"},"content":{"rendered":"<p>DEN\u0130ZL\u0130 (\u0130HA) \u2013 Denizli\u2019de AK Parti \u0130l\u00e7e Ba\u015fkan\u0131 Osman \u00d6zpek, Merkezefendi ve Pamukkale il\u00e7elerinde ya\u015fanan \u00e7\u00f6p sorunuyla birlikte artan sivrisinekler i\u00e7in insans\u0131z hava arac\u0131 benzetmesi yaparak; &#8220;Denizli art\u0131k CHP\u2019nin \u0130HA ve S\u0130HA\u2019lar\u0131ndan b\u0131kt\u0131&#8221; dedi.<\/p>\n<p>AK Parti Pamukkale \u0130l\u00e7e Ba\u015fkan\u0131 Osman \u00d6zpek, partisinin dan\u0131\u015fma kurulu toplant\u0131s\u0131nda CHP\u2019li Merkezefendi ve Pamukkale belediyelerini ele\u015ftirirken, \u00e7\u00f6p ve pislik nedeniyle artan sivrisinekleri ise &#8220;CHP\u2019nin \u0130HA\u2019lar\u0131&#8221; olarak nitelendirdi. AK Parti Genel Ba\u015fkan Yard\u0131mc\u0131s\u0131 Nihat Zeybekci ise sivrisineklerde silah oldu\u011funu i\u00e7in sivrisineklerin &#8220;\u0130HA&#8221; de\u011fil &#8220;S\u0130HA&#8221; olabilecekleri belirtti.<\/p>\n<p>CHP\u2019li belediyelerin AK Parti d\u00f6neminde kente kazand\u0131r\u0131lan hizmetleri dahi koruyamad\u0131klar\u0131n\u0131 savunan \u00d6zpek, &#8220;CHP\u2019li basiretsiz belediyeyi bir bu\u00e7uk y\u0131ld\u0131r izliyoruz. \u0130l\u00e7emize bir \u00e7ivi bile \u00e7akmad\u0131klar\u0131 gibi kazd\u0131klar\u0131 yollar\u0131 tamir bile edemiyorlar. Mahallelerde olu\u015fan \u00e7\u00f6p da\u011flar\u0131 ve kokular\u0131 ile CHP\u2019nin \u0130nsans\u0131z Hava Ara\u00e7lar\u0131 (\u0130HA) olan sivrisinekler ile m\u00fccadele edemedikleri \u00fcz\u00fclerek g\u00f6r\u00fcyoruz. Denizli art\u0131k CHP\u2019nin \u0130HA ve S\u0130HA\u2019lar\u0131ndan b\u0131kt\u0131. Yeni proje \u00fcretemedikleri gibi AK Partili belediyelerin, Denizli\u2019ye hizmetlerine bile sahip \u00e7\u0131kam\u0131yorlar. K\u0131saca basiretsiz y\u00f6netimlerini bir bu\u00e7uk y\u0131ld\u0131r izliyoruz. Cumhurba\u015fkan\u0131m\u0131z\u0131n bize s\u0131k s\u0131k dedi\u011fi gibi \u2019Bizim yapacaklar\u0131m\u0131z\u0131 hayal bile edemezler\u2019 s\u00f6z\u00fcn\u00fc ya\u015f\u0131yoruz. Onlar koltuklar\u0131na oturmaya devam ediyorlar&#8221; dedi.<\/p>\n<p>AK Parti Genel Ba\u015fkan Yard\u0131mc\u0131s\u0131 Nihat Zeybekci ise sivrisineklerde silah oldu\u011funu i\u00e7in \u0130HA de\u011fil S\u0130HA olabilecekleri g\u00f6ndermesi yaparak, &#8220;Pamukkale \u0130l\u00e7e Ba\u015fkan\u0131m\u0131z Osman \u00d6zpek g\u00fczel bir tabir kulland\u0131. CHP\u2019nin \u0130HA\u2019lar\u0131 ama asl\u0131nda onlar\u0131n silah\u0131 da oldu\u011fu i\u00e7in \u2019S\u0130HA\u2019lar\u0131 veya dronlar\u0131 demek daha do\u011fru olur. Onlardan ancak bu kadar \u00e7\u0131kar. Ellerine b\u0131rakt\u0131\u011f\u0131m\u0131z eserlere bile sahip \u00e7\u0131kam\u0131yorlar&#8221; \u015feklinde konu\u015ftu.<br \/><\/p>\n","protected":false},"excerpt":{"rendered":"<p>DEN\u0130ZL\u0130 (\u0130HA) \u2013 Denizli\u2019de AK Parti \u0130l\u00e7e Ba\u015fkan\u0131 Osman \u00d6zpek, Merkezefendi ve Pamukkale il\u00e7elerinde ya\u015fanan \u00e7\u00f6p sorunuyla birlikte artan sivrisinekler i\u00e7in insans\u0131z hava arac\u0131 benzetmesi yaparak; &#8220;Denizli art\u0131k CHP\u2019nin \u0130HA ve S\u0130HA\u2019lar\u0131ndan b\u0131kt\u0131&#8221; dedi. AK Parti Pamukkale \u0130l\u00e7e Ba\u015fkan\u0131 Osman \u00d6zpek, partisinin dan\u0131\u015fma kurulu toplant\u0131s\u0131nda CHP\u2019li Merkezefendi ve Pamukkale belediyelerini ele\u015ftirirken, \u00e7\u00f6p ve pislik nedeniyle&#8230;<\/p>\n","protected":false},"author":1,"featured_media":57498,"comment_status":"open","ping_status":"open","sticky":false,"template":"","format":"standard","meta":{"_crdt_document":"","footnotes":""},"categories":[1],"tags":[],"class_list":["post-57497","post","type-post","status-publish","format-standard","has-post-thumbnail","hentry","category-guncel"],"_links":{"self":[{"href":"https:\/\/www.egemtv.com\/index.php?rest_route=\/wp\/v2\/posts\/57497","targetHints":{"allow":["GET"]}}],"collection":[{"href":"https:\/\/www.egemtv.com\/index.php?rest_route=\/wp\/v2\/posts"}],"about":[{"href":"https:\/\/www.egemtv.com\/index.php?rest_route=\/wp\/v2\/types\/post"}],"author":[{"embeddable":true,"href":"https:\/\/www.egemtv.com\/index.php?rest_route=\/wp\/v2\/users\/1"}],"replies":[{"embeddable":true,"href":"https:\/\/www.egemtv.com\/index.php?rest_route=%2Fwp%2Fv2%2Fcomments&post=57497"}],"version-history":[{"count":1,"href":"https:\/\/www.egemtv.com\/index.php?rest_route=\/wp\/v2\/posts\/57497\/revisions"}],"predecessor-version":[{"id":57499,"href":"https:\/\/www.egemtv.com\/index.php?rest_route=\/wp\/v2\/posts\/57497\/revisions\/57499"}],"wp:featuredmedia":[{"embeddable":true,"href":"https:\/\/www.egemtv.com\/index.php?rest_route=\/wp\/v2\/media\/57498"}],"wp:attachment":[{"href":"https:\/\/www.egemtv.com\/index.php?rest_route=%2Fwp%2Fv2%2Fmedia&parent=57497"}],"wp:term":[{"taxonomy":"category","embeddable":true,"href":"https:\/\/www.egemtv.com\/index.php?rest_route=%2Fwp%2Fv2%2Fcategories&post=57497"},{"taxonomy":"post_tag","embeddable":true,"href":"https:\/\/www.egemtv.com\/index.php?rest_route=%2Fwp%2Fv2%2Ftags&post=57497"}],"curies":[{"name":"wp","href":"https:\/\/api.w.org\/{rel}","templated":true}]}}