{"id":57494,"date":"2025-09-26T13:35:06","date_gmt":"2025-09-26T10:35:06","guid":{"rendered":"https:\/\/www.egemtv.com\/?p=57494"},"modified":"2025-09-26T13:35:06","modified_gmt":"2025-09-26T10:35:06","slug":"chpli-belediyeden-kisiye-ozel-kiyak-atama","status":"publish","type":"post","link":"https:\/\/www.egemtv.com\/?p=57494","title":{"rendered":"CHP\u2019li belediyeden ki\u015fiye \u00f6zel \u2018k\u0131yak\u2019 atama"},"content":{"rendered":"<p>Denizli B\u00fcy\u00fck\u015fehir Belediye Ba\u015fkan\u0131 B\u00fclent Nuri \u00c7avu\u015fo\u011flu, bir hafta \u00f6nce il\u00e7e se\u00e7imini kaybeden \u00c7al CHP eski ba\u015fkan\u0131n\u0131, \u00fc\u00e7 il\u00e7enin b\u00f6lge koordinat\u00f6rl\u00fc\u011f\u00fcne atad\u0131. CHP\u2019lilerin bile ele\u015ftirdi\u011fi bu atama i\u00e7in &#8220;Liyakat diyenler, sadakati esas ald\u0131. B\u00f6lge koordinat\u00f6r\u00fcn\u00fcn maa\u015f\u0131 ne kadar bilen yok&#8221; yorumlar\u0131 yap\u0131ld\u0131.<\/p>\n<p>Denizli B\u00fcy\u00fck\u015fehir Belediye Ba\u015fkan\u0131 B\u00fclent Nuri \u00c7avu\u015fo\u011flu, ge\u00e7ti\u011fimiz y\u0131l her il\u00e7eye koordinat\u00f6r atam\u0131\u015ft\u0131. Atanan isimlerin CHP il\u00e7e te\u015fkilatlar\u0131nda g\u00f6rev yapmas\u0131 dikkat \u00e7ekerken, mesleklerinin de elektrik\u00e7i, k\u00f6fteci, futbolcu, emekli \u00f6\u011fretmen, eczac\u0131 kalfas\u0131 olmas\u0131 ise, liyakat tart\u0131\u015fmas\u0131na neden olmu\u015ftu.<br \/>\n<br \/>\u0130l\u00e7e koordinat\u00f6rleri, b\u00fcy\u00fck\u015fehir belediyesinin yapt\u0131\u011f\u0131 t\u00fcm \u00e7al\u0131\u015fmalar\u0131n\u0131 denetleme, takip etme yetkisine sahip. Bu durum, il\u00e7elerdeki CHP\u2019li belediye ba\u015fkalar\u0131 aras\u0131nda da rahats\u0131zl\u0131\u011fa neden oldu. \u00c7avu\u015fo\u011flu, h\u0131z\u0131n\u0131 alamad\u0131, \u00f6yle bir atama yapt\u0131 ki; &#8220;Bu kadar\u0131na da pes&#8221; dedirtti.<\/p>\n<p>\u00d6mer Da\u011fl\u0131\u2019ya \u00e7ok k\u0131yak g\u00f6rev<br \/>\n<br \/>B\u00fcy\u00fck\u015fehir Ba\u015fkan\u0131 \u00c7avu\u015fo\u011flu, kamuoyunda il\u00e7e koordinat\u00f6rlerinin tart\u0131\u015fmas\u0131 devam ederken, bu kez b\u00f6lge koordinat\u00f6r\u00fc g\u00f6revlendirmesi yapt\u0131. Bir hafta \u00f6nce \u00c7al il\u00e7esinde CHP il\u00e7e kongresi yap\u0131ld\u0131. Se\u00e7imi B\u00fclent Nuri \u00c7avu\u015fo\u011flu ile \u0130l Ba\u015fkan\u0131 Ali Osman Horzum\u2019un destekledi\u011fi \u00d6mer Da\u011fl\u0131 farkl\u0131 kaybetti. Yeni ba\u015fkan H\u00fcsamettin Ersoy oldu.<\/p>\n<p>Se\u00e7imin ard\u0131ndan \u00e7ok k\u0131sa s\u00fcre ge\u00e7ti. \u00c7avu\u015fo\u011flu, se\u00e7imi kaybeden \u00d6mer Da\u011fl\u0131\u2019y\u0131 \u00c7al &#8211; Baklan &#8211; Bekilli b\u00f6lge koordinat\u00f6r\u00fc yapt\u0131. Da\u011fl\u0131\u2019n\u0131n ne kadar maa\u015f alaca\u011f\u0131 bilinmiyor. Bu atama CHP\u2019de i\u00e7inde de b\u00fcy\u00fck tart\u0131\u015fmalara neden oldu. CHP \u00c7al il\u00e7e y\u00f6netimi i\u00e7inde de b\u00fcy\u00fck rahats\u0131zl\u0131k oldu\u011fu, hatta istifalar\u0131n bile olabilece\u011fi konu\u015fuluyor.<\/p>\n<p>Ki\u015fiye \u00f6zel atama<br \/>\n<br \/>\u0130smini vermek istemeyen bir partili, &#8220;\u00c7avu\u015fo\u011flu kendini desteklemeyen partililere meydan okudu. Yapt\u0131\u011f\u0131 siyasi eti\u011fe ayk\u0131r\u0131. Yap\u0131lan atama partimi i\u00e7in de b\u00fcy\u00fck tart\u0131\u015fmalara neden olacak. Biz y\u0131llard\u0131r, liyakat diyoruz ama maalesef ki\u015fiye \u00f6zel k\u0131yak atama d\u00f6nemi ba\u015flad\u0131. Bu g\u00f6revlendirmeyi kabul etmiyoruz, edemiyoruz. \u0130\u00e7imize sindiremiyoruz&#8221; dedi.<\/p>\n<p>&#8220;Kayy\u0131m atansa bundan iyiydi&#8221;<br \/>\n<br \/>Yap\u0131lan atamay\u0131 ele\u015ftiren ba\u015fka bir partili ise ele\u015ftirisini &#8220;Bu k\u0131yak atamay\u0131 yapacaklar\u0131na kayy\u0131m atasalar daha iyiydi. DESK\u0130 ve belediye \u00e7al\u0131\u015fmalar\u0131 uzmanl\u0131k isteyen konular. \u00c7ok \u00fczg\u00fcn\u00fcz. \u0130stanbul il ba\u015fkanl\u0131\u011f\u0131na kayy\u0131m atand\u0131 hepimiz aya\u011fa kalkt\u0131k, tepki g\u00f6sterdik. \u00c7avu\u015fo\u011flu\u2019nun bu atamas\u0131 kayy\u0131mdan da beter&#8221; s\u00f6zleriyle ifade etti.<br \/><\/p>\n","protected":false},"excerpt":{"rendered":"<p>Denizli B\u00fcy\u00fck\u015fehir Belediye Ba\u015fkan\u0131 B\u00fclent Nuri \u00c7avu\u015fo\u011flu, bir hafta \u00f6nce il\u00e7e se\u00e7imini kaybeden \u00c7al CHP eski ba\u015fkan\u0131n\u0131, \u00fc\u00e7 il\u00e7enin b\u00f6lge koordinat\u00f6rl\u00fc\u011f\u00fcne atad\u0131. CHP\u2019lilerin bile ele\u015ftirdi\u011fi bu atama i\u00e7in &#8220;Liyakat diyenler, sadakati esas ald\u0131. B\u00f6lge koordinat\u00f6r\u00fcn\u00fcn maa\u015f\u0131 ne kadar bilen yok&#8221; yorumlar\u0131 yap\u0131ld\u0131. Denizli B\u00fcy\u00fck\u015fehir Belediye Ba\u015fkan\u0131 B\u00fclent Nuri \u00c7avu\u015fo\u011flu, ge\u00e7ti\u011fimiz y\u0131l her il\u00e7eye koordinat\u00f6r atam\u0131\u015ft\u0131&#8230;.<\/p>\n","protected":false},"author":1,"featured_media":57495,"comment_status":"open","ping_status":"open","sticky":false,"template":"","format":"standard","meta":{"_crdt_document":"","footnotes":""},"categories":[127],"tags":[],"class_list":["post-57494","post","type-post","status-publish","format-standard","has-post-thumbnail","hentry","category-siyaset"],"_links":{"self":[{"href":"https:\/\/www.egemtv.com\/index.php?rest_route=\/wp\/v2\/posts\/57494","targetHints":{"allow":["GET"]}}],"collection":[{"href":"https:\/\/www.egemtv.com\/index.php?rest_route=\/wp\/v2\/posts"}],"about":[{"href":"https:\/\/www.egemtv.com\/index.php?rest_route=\/wp\/v2\/types\/post"}],"author":[{"embeddable":true,"href":"https:\/\/www.egemtv.com\/index.php?rest_route=\/wp\/v2\/users\/1"}],"replies":[{"embeddable":true,"href":"https:\/\/www.egemtv.com\/index.php?rest_route=%2Fwp%2Fv2%2Fcomments&post=57494"}],"version-history":[{"count":1,"href":"https:\/\/www.egemtv.com\/index.php?rest_route=\/wp\/v2\/posts\/57494\/revisions"}],"predecessor-version":[{"id":57496,"href":"https:\/\/www.egemtv.com\/index.php?rest_route=\/wp\/v2\/posts\/57494\/revisions\/57496"}],"wp:featuredmedia":[{"embeddable":true,"href":"https:\/\/www.egemtv.com\/index.php?rest_route=\/wp\/v2\/media\/57495"}],"wp:attachment":[{"href":"https:\/\/www.egemtv.com\/index.php?rest_route=%2Fwp%2Fv2%2Fmedia&parent=57494"}],"wp:term":[{"taxonomy":"category","embeddable":true,"href":"https:\/\/www.egemtv.com\/index.php?rest_route=%2Fwp%2Fv2%2Fcategories&post=57494"},{"taxonomy":"post_tag","embeddable":true,"href":"https:\/\/www.egemtv.com\/index.php?rest_route=%2Fwp%2Fv2%2Ftags&post=57494"}],"curies":[{"name":"wp","href":"https:\/\/api.w.org\/{rel}","templated":true}]}}