{"id":57491,"date":"2025-09-26T13:15:18","date_gmt":"2025-09-26T10:15:18","guid":{"rendered":"https:\/\/www.egemtv.com\/?p=57491"},"modified":"2025-09-26T13:15:19","modified_gmt":"2025-09-26T10:15:19","slug":"torkunun-ihmali-somayi-vurdu","status":"publish","type":"post","link":"https:\/\/www.egemtv.com\/?p=57491","title":{"rendered":"TORKU\u2019nun ihmali Soma\u2019y\u0131 vurdu"},"content":{"rendered":"<p>TORKU taraf\u0131ndan i\u015fletilen ve yakla\u015f\u0131k 3 ayd\u0131r kapal\u0131 olan SomaB Termik Santrali\u2019nde firman\u0131n gerekli bak\u0131m ve yat\u0131r\u0131mlar\u0131 ger\u00e7ekle\u015ftirmedi\u011fi i\u00e7in madenler \u00fcretim yapamazken, i\u015f\u00e7iler ve esnaf da zor durumda kald\u0131. Soma\u2019daki 48 bin insan\u0131n \u0131s\u0131nma ihtiyac\u0131n\u0131 da kar\u015f\u0131layan santralin \u00e7al\u0131\u015famaz duruma gelmesi \u00fczerine yakla\u015fan k\u0131\u015f aylar\u0131 \u00f6ncesinde CHP Manisa Milletvekili Ahmet Vehbi Bak\u0131rl\u0131o\u011flu, santralin derhal kamula\u015ft\u0131r\u0131lmas\u0131 \u00e7a\u011fr\u0131s\u0131 yapt\u0131.<br \/>\n<br \/>CHP Manisa Milletvekili Ahmet Vehbi Bak\u0131rl\u0131o\u011flu, Soma Belediye Ba\u015fkan\u0131 Sercan Okur, il\u00e7e ba\u015fkan\u0131 ve belediye meclis \u00fcyeleriyle birlikte SomaB Termik Santrali \u00f6n\u00fcnde a\u00e7\u0131klamalarda bulundu. Bak\u0131rl\u0131o\u011flu, santralin 2015 y\u0131l\u0131nda TORKU taraf\u0131ndan \u00f6zelle\u015ftirildi\u011fini ve firma taraf\u0131ndan gerekli yat\u0131r\u0131m ve bak\u0131m faaliyetlerinin yap\u0131lmad\u0131\u011f\u0131n\u0131 belirterek, &#8220;Soma\u2019daki B Termik Santrali\u2019nin \u00f6n\u00fcndeyiz. G\u00f6rd\u00fc\u011f\u00fcn\u00fcz gibi B Termik Santrali \u015fu anda terk edilmi\u015f durumda. Yakla\u015f\u0131k 3 aydan beri de \u00e7al\u0131\u015fm\u0131yor. Tabii Soma ekonomisinin can damarlar\u0131ndan bir tanesi olan bu termik santralin \u00e7al\u0131\u015fmamas\u0131, faaliyet g\u00f6stermemesi Soma\u2019da ciddi ekonomik s\u0131k\u0131nt\u0131lara sebep olmakta. \u015eu anda Soma\u2019daki madenlerden \u00e7ok ciddi \u015fekilde madenci \u00e7\u0131k\u0131\u015f\u0131 s\u00f6z konusu. Madenler bo\u015falmaya ba\u015flad\u0131. Madenlerde \u00e7al\u0131\u015fan i\u015f\u00e7iler \u00fccretlerini tam olarak alamamaktalar. Biraz evvel kooperatife gittik. Burada bir kamyoncular kooperatifi var. 350 tane \u00fcyesi var. 350 tane kamyoncu her g\u00fcn buraya k\u00f6m\u00fcr ta\u015f\u0131yordu. \u015eu anda 350 tane kamyon konta\u011f\u0131 kapatm\u0131\u015f durumda&#8221; dedi.<\/p>\n<p>&#8220;Hi\u00e7bir yat\u0131r\u0131m yapmad\u0131&#8221;<br \/>\n<br \/>Termik santralin \u00f6zelle\u015ftirilmesinden sonra hi\u00e7bir yat\u0131r\u0131m\u0131n yap\u0131lmad\u0131\u011f\u0131na dikkat \u00e7eken Bak\u0131rl\u0131o\u011flu, &#8220;Termik santral bundan 10 y\u0131l \u00f6nce 2015 y\u0131l\u0131nda 685 milyon dolara \u00f6zelle\u015ftirildi. Biz o \u00f6zelle\u015ftirme yap\u0131l\u0131rken de buna kar\u015f\u0131 \u00e7\u0131km\u0131\u015ft\u0131k. Gerek\u00e7elerini ortaya koymu\u015ftuk. Aradan 10 y\u0131l ge\u00e7ti. Bu 10 y\u0131l i\u00e7erisinde \u00f6zelle\u015ftirmeden buray\u0131 alan TORKU hi\u00e7bir \u015fekilde burada bak\u0131m yapmad\u0131, yat\u0131r\u0131m yapmad\u0131. Takmas\u0131 gereken filtreyi, baca gaz\u0131 filtresini takmad\u0131. Buradaki binlerce, y\u00fcz bin tane Somal\u0131y\u0131 10 y\u0131l boyunca zehir solumaya mahkum etti. TK\u0130\u2019ye olan k\u00f6m\u00fcr borcunu \u00f6demedi ve \u015fu anda yakla\u015f\u0131k 18 milyar liral\u0131k bir k\u00f6m\u00fcr borcu var. \u0130cra i\u015flemleri ba\u015flat\u0131lm\u0131\u015f durumda ve termik santral de 3 aydan beri kapal\u0131&#8221; \u015feklinde konu\u015ftu.<\/p>\n<p>&#8220;Bekleyen k\u00f6m\u00fcr\u00fcn de\u011feri santralden daha y\u00fcksek&#8221;<br \/>\n<br \/>Bak\u0131rl\u0131o\u011flu a\u00e7\u0131klamas\u0131n\u0131 \u015f\u00f6yle tamamlad\u0131:<br \/>\n<br \/>&#8220;Termik santral sadece ekonomik de\u011fil, ayn\u0131 zamanda Soma\u2019daki 48 bin ki\u015finin k\u0131\u015f\u0131n \u0131s\u0131nmas\u0131n\u0131 da sa\u011flamakta ve k\u0131\u015f kap\u0131ya dayanm\u0131\u015f durumda. Termik santral \u00e7al\u0131\u015fm\u0131yor. Soma\u2019daki insanlar endi\u015feyle \u2019K\u0131\u015f\u0131 nas\u0131l ge\u00e7irece\u011fiz\u2019 diyor. Ger\u00e7ekten de gelinen nokta i\u015fin i\u00e7inden \u00e7\u0131k\u0131lacak halde de\u011fil. Termik santral \u00f6zelle\u015ftirildikten sonra ayl\u0131k bak\u0131mlar\u0131n hi\u00e7bir tanesi yap\u0131lmam\u0131\u015f. Bu termik santralde irili ufakl\u0131 kazalar ya\u015fanmaya ba\u015flad\u0131. \u0130\u015f kazalar\u0131 ya\u015fanmaya ba\u015flad\u0131. Yang\u0131nlar \u00e7\u0131kmaya ba\u015flad\u0131. Uyarm\u0131\u015ft\u0131k, \u2019Buraya yat\u0131r\u0131m yap\u0131lm\u0131yor. Bura rehabilite edilmiyor. Burada bak\u0131mlar yap\u0131lm\u0131yor. Soma bir bomban\u0131n \u00fczerinde oturuyor\u2019 demi\u015ftik. Kimseye dinletemedik. Bor\u00e7 3 milyar 3,5 milyardan bug\u00fcn 18 milyar liraya kadar \u00e7\u0131km\u0131\u015f durumda. Bak\u0131m yap\u0131lmam\u0131\u015f bir santral haline gelmi\u015f. \u015eimdi haliyle santral \u00fcretimi kapat\u0131nca buradaki madenlerde de ellerinde de stoklar birikmeye ba\u015flad\u0131. Sadece bir maden oca\u011f\u0131nda 2 milyon ton k\u00f6m\u00fcr\u00fcn birikmi\u015f oldu\u011fu s\u00f6ylenmekte. Belki Soma s\u0131n\u0131rlar\u0131 i\u00e7erisinde 5 milyon ton, belki daha fazla k\u00f6m\u00fcr \u015fu anda stoklarda birikiyor. E\u011fer bu k\u00f6m\u00fcr k\u0131sa bir s\u00fcre i\u00e7erisinde sat\u0131lmazsa, i\u015flenmezse yani bu termik santralde yak\u0131lmazsa oldu\u011fu yerde kendi kendine yanacak. Soma\u2019daki stoktaki k\u00f6m\u00fcr\u00fcn de\u011feri bug\u00fcn i\u00e7in bu santralden daha fazla. Yap\u0131lmas\u0131 gereken \u015fey belli. En ba\u015f\u0131ndan beri s\u00f6yl\u00fcyoruz. Buras\u0131n\u0131n derhal ve derhal kamula\u015ft\u0131r\u0131lmas\u0131 laz\u0131m. Elektrik \u00dcretim A\u015e\u2019nin buray\u0131 kamula\u015ft\u0131r\u0131p \u00fcretime ba\u015flamas\u0131 laz\u0131m. E\u011fer bu h\u0131zl\u0131 bir \u015fekilde yap\u0131lmazsa i\u015ften \u00e7\u0131kartmalar artacak. Stoktaki k\u00f6m\u00fcr miktar\u0131 artacak ve insanlar i\u015fsiz kalacaklar ve k\u0131\u015f\u0131n da so\u011fukta kalacaklar.&#8221;<br \/><\/p>\n","protected":false},"excerpt":{"rendered":"<p>TORKU taraf\u0131ndan i\u015fletilen ve yakla\u015f\u0131k 3 ayd\u0131r kapal\u0131 olan SomaB Termik Santrali\u2019nde firman\u0131n gerekli bak\u0131m ve yat\u0131r\u0131mlar\u0131 ger\u00e7ekle\u015ftirmedi\u011fi i\u00e7in madenler \u00fcretim yapamazken, i\u015f\u00e7iler ve esnaf da zor durumda kald\u0131. Soma\u2019daki 48 bin insan\u0131n \u0131s\u0131nma ihtiyac\u0131n\u0131 da kar\u015f\u0131layan santralin \u00e7al\u0131\u015famaz duruma gelmesi \u00fczerine yakla\u015fan k\u0131\u015f aylar\u0131 \u00f6ncesinde CHP Manisa Milletvekili Ahmet Vehbi Bak\u0131rl\u0131o\u011flu, santralin derhal kamula\u015ft\u0131r\u0131lmas\u0131&#8230;<\/p>\n","protected":false},"author":1,"featured_media":57492,"comment_status":"open","ping_status":"open","sticky":false,"template":"","format":"standard","meta":{"_crdt_document":"","footnotes":""},"categories":[125],"tags":[],"class_list":["post-57491","post","type-post","status-publish","format-standard","has-post-thumbnail","hentry","category-ekonomi"],"_links":{"self":[{"href":"https:\/\/www.egemtv.com\/index.php?rest_route=\/wp\/v2\/posts\/57491","targetHints":{"allow":["GET"]}}],"collection":[{"href":"https:\/\/www.egemtv.com\/index.php?rest_route=\/wp\/v2\/posts"}],"about":[{"href":"https:\/\/www.egemtv.com\/index.php?rest_route=\/wp\/v2\/types\/post"}],"author":[{"embeddable":true,"href":"https:\/\/www.egemtv.com\/index.php?rest_route=\/wp\/v2\/users\/1"}],"replies":[{"embeddable":true,"href":"https:\/\/www.egemtv.com\/index.php?rest_route=%2Fwp%2Fv2%2Fcomments&post=57491"}],"version-history":[{"count":1,"href":"https:\/\/www.egemtv.com\/index.php?rest_route=\/wp\/v2\/posts\/57491\/revisions"}],"predecessor-version":[{"id":57493,"href":"https:\/\/www.egemtv.com\/index.php?rest_route=\/wp\/v2\/posts\/57491\/revisions\/57493"}],"wp:featuredmedia":[{"embeddable":true,"href":"https:\/\/www.egemtv.com\/index.php?rest_route=\/wp\/v2\/media\/57492"}],"wp:attachment":[{"href":"https:\/\/www.egemtv.com\/index.php?rest_route=%2Fwp%2Fv2%2Fmedia&parent=57491"}],"wp:term":[{"taxonomy":"category","embeddable":true,"href":"https:\/\/www.egemtv.com\/index.php?rest_route=%2Fwp%2Fv2%2Fcategories&post=57491"},{"taxonomy":"post_tag","embeddable":true,"href":"https:\/\/www.egemtv.com\/index.php?rest_route=%2Fwp%2Fv2%2Ftags&post=57491"}],"curies":[{"name":"wp","href":"https:\/\/api.w.org\/{rel}","templated":true}]}}