{"id":57488,"date":"2025-09-26T13:15:17","date_gmt":"2025-09-26T10:15:17","guid":{"rendered":"https:\/\/www.egemtv.com\/?p=57488"},"modified":"2025-09-26T13:15:18","modified_gmt":"2025-09-26T10:15:18","slug":"muglada-teror-orgutu-uyesi-firari-sahis-yakalandi","status":"publish","type":"post","link":"https:\/\/www.egemtv.com\/?p=57488","title":{"rendered":"Mu\u011fla\u2019da ter\u00f6r \u00f6rg\u00fct\u00fc \u00fcyesi firari \u015fah\u0131s yakaland\u0131"},"content":{"rendered":"<p>Mu\u011fla \u0130l Emniyet M\u00fcd\u00fcrl\u00fc\u011f\u00fc taraf\u0131ndan ger\u00e7ekle\u015ftirilen ba\u015far\u0131l\u0131 operasyonla ter\u00f6r su\u00e7undan kesinle\u015fmi\u015f 6 y\u0131l 3 ay hapis cezas\u0131yla aranan firari Mente\u015fe\u2019de yakaland\u0131.<\/p>\n<p>Emniyet M\u00fcd\u00fcrl\u00fc\u011f\u00fc \u0130stihbarat \u015eube M\u00fcd\u00fcrl\u00fc\u011f\u00fc ve Ka\u00e7ak\u00e7\u0131l\u0131k ve Organize Su\u00e7larla M\u00fccadele (KOM) \u015eube M\u00fcd\u00fcrl\u00fckleri ekiplerince Mente\u015fe il\u00e7esi Ye\u015filyurt Mahallesi\u2019nde ortak bir \u00e7al\u0131\u015fma y\u00fcr\u00fct\u00fcld\u00fc. Yap\u0131lan koordineli \u00e7al\u0131\u015fmalar sonucunda; Konya A\u011f\u0131r Ceza \u0130lamat Masas\u0131 taraf\u0131ndan aranan bir \u015fah\u0131s tespit edildi. \u015eahs\u0131n, &#8220;Silahl\u0131 Ter\u00f6r \u00d6rg\u00fct\u00fcne \u00dcye Olma&#8221; su\u00e7undan 6 y\u0131l 3 ay kesinle\u015fmi\u015f hapis cezas\u0131 bulundu\u011fu belirlendi.<\/p>\n<p>Ekipler, hakk\u0131nda kesinle\u015fmi\u015f hapis cezas\u0131 bulunan firari \u015fahs\u0131 yakalayarak g\u00f6zalt\u0131na ald\u0131. \u015eah\u0131s, emniyetteki i\u015flemlerinin ard\u0131ndan tutuklanarak cezaevine g\u00f6nderildi.<br \/><\/p>\n","protected":false},"excerpt":{"rendered":"<p>Mu\u011fla \u0130l Emniyet M\u00fcd\u00fcrl\u00fc\u011f\u00fc taraf\u0131ndan ger\u00e7ekle\u015ftirilen ba\u015far\u0131l\u0131 operasyonla ter\u00f6r su\u00e7undan kesinle\u015fmi\u015f 6 y\u0131l 3 ay hapis cezas\u0131yla aranan firari Mente\u015fe\u2019de yakaland\u0131. Emniyet M\u00fcd\u00fcrl\u00fc\u011f\u00fc \u0130stihbarat \u015eube M\u00fcd\u00fcrl\u00fc\u011f\u00fc ve Ka\u00e7ak\u00e7\u0131l\u0131k ve Organize Su\u00e7larla M\u00fccadele (KOM) \u015eube M\u00fcd\u00fcrl\u00fckleri ekiplerince Mente\u015fe il\u00e7esi Ye\u015filyurt Mahallesi\u2019nde ortak bir \u00e7al\u0131\u015fma y\u00fcr\u00fct\u00fcld\u00fc. Yap\u0131lan koordineli \u00e7al\u0131\u015fmalar sonucunda; Konya A\u011f\u0131r Ceza \u0130lamat Masas\u0131 taraf\u0131ndan aranan&#8230;<\/p>\n","protected":false},"author":1,"featured_media":57489,"comment_status":"open","ping_status":"open","sticky":false,"template":"","format":"standard","meta":{"_crdt_document":"","footnotes":""},"categories":[5],"tags":[],"class_list":["post-57488","post","type-post","status-publish","format-standard","has-post-thumbnail","hentry","category-asayis"],"_links":{"self":[{"href":"https:\/\/www.egemtv.com\/index.php?rest_route=\/wp\/v2\/posts\/57488","targetHints":{"allow":["GET"]}}],"collection":[{"href":"https:\/\/www.egemtv.com\/index.php?rest_route=\/wp\/v2\/posts"}],"about":[{"href":"https:\/\/www.egemtv.com\/index.php?rest_route=\/wp\/v2\/types\/post"}],"author":[{"embeddable":true,"href":"https:\/\/www.egemtv.com\/index.php?rest_route=\/wp\/v2\/users\/1"}],"replies":[{"embeddable":true,"href":"https:\/\/www.egemtv.com\/index.php?rest_route=%2Fwp%2Fv2%2Fcomments&post=57488"}],"version-history":[{"count":1,"href":"https:\/\/www.egemtv.com\/index.php?rest_route=\/wp\/v2\/posts\/57488\/revisions"}],"predecessor-version":[{"id":57490,"href":"https:\/\/www.egemtv.com\/index.php?rest_route=\/wp\/v2\/posts\/57488\/revisions\/57490"}],"wp:featuredmedia":[{"embeddable":true,"href":"https:\/\/www.egemtv.com\/index.php?rest_route=\/wp\/v2\/media\/57489"}],"wp:attachment":[{"href":"https:\/\/www.egemtv.com\/index.php?rest_route=%2Fwp%2Fv2%2Fmedia&parent=57488"}],"wp:term":[{"taxonomy":"category","embeddable":true,"href":"https:\/\/www.egemtv.com\/index.php?rest_route=%2Fwp%2Fv2%2Fcategories&post=57488"},{"taxonomy":"post_tag","embeddable":true,"href":"https:\/\/www.egemtv.com\/index.php?rest_route=%2Fwp%2Fv2%2Ftags&post=57488"}],"curies":[{"name":"wp","href":"https:\/\/api.w.org\/{rel}","templated":true}]}}