{"id":57485,"date":"2025-09-26T13:15:16","date_gmt":"2025-09-26T10:15:16","guid":{"rendered":"https:\/\/www.egemtv.com\/?p=57485"},"modified":"2025-09-26T13:15:17","modified_gmt":"2025-09-26T10:15:17","slug":"deniz-kulturu-ve-ege-mutfagi-bodrumda-bulusuyor-balik-festivali-basliyor","status":"publish","type":"post","link":"https:\/\/www.egemtv.com\/?p=57485","title":{"rendered":"Deniz k\u00fclt\u00fcr\u00fc ve ege mutfa\u011f\u0131 Bodrum\u2019da bulu\u015fuyor: &#8220;Bal\u0131k festivali ba\u015fl\u0131yor&#8221;"},"content":{"rendered":"<p>Bodrum, 28 Eyl\u00fcl Pazar g\u00fcn\u00fc Karaincir Sahili\u2019nde d\u00fczenlenecek Uluslararas\u0131 Bodrum Bal\u0131k Festivali ile deniz k\u00fclt\u00fcr\u00fcn\u00fc ve Ege mutfa\u011f\u0131n\u0131 kutlamaya haz\u0131rlan\u0131yor.<\/p>\n<p>Festival, Tar\u0131m ve Orman Bakanl\u0131\u011f\u0131, K\u00fclt\u00fcr ve Turizm Bakanl\u0131\u011f\u0131, Mu\u011fla Valili\u011fi, Mu\u011fla B\u00fcy\u00fck\u015fehir Belediyesi, Bodrum Kaymakaml\u0131\u011f\u0131 ve Bodrum Belediyesi\u2019nin yan\u0131 s\u0131ra \u00e7ok say\u0131da kurum ve kurulu\u015fun deste\u011fiyle ger\u00e7ekle\u015ftirilecek.<\/p>\n<p>Ege mutfa\u011f\u0131 ve deniz k\u00fclt\u00fcr\u00fc \u00f6n planda<br \/>\n<br \/>Festival, bal\u0131k\u00e7\u0131l\u0131k gelene\u011fini ya\u015fatmay\u0131, deniz \u00fcr\u00fcnlerini tan\u0131tmay\u0131 ve Ege mutfa\u011f\u0131n\u0131n zenginli\u011fini \u00f6ne \u00e7\u0131karmay\u0131 hedefliyor. Sabah saatlerinde bal\u0131k b\u0131rakma t\u00f6reni ve bal\u0131k\u00e7\u0131 teknelerinin kortejiyle ba\u015flayacak etkinlikler g\u00fcn boyu s\u00fcrecek.<\/p>\n<p>Ziyaret\u00e7ilere dolu dolu program<br \/>\n<br \/>Yerel \u00fcretici stantlar\u0131, bal\u0131k ve meze at\u00f6lyeleri, \u00e7ocuk etkinlikleri, sanat sergileri, s\u00f6yle\u015filer, belgesel g\u00f6sterimleri ve m\u00fczik performanslar\u0131yla festival kat\u0131l\u0131mc\u0131lara renkli anlar ya\u015fatacak.<\/p>\n<p>Organizasyon komitesi, festivalin Bodrum\u2019un k\u00fclt\u00fcrel miras\u0131na sahip \u00e7\u0131karken, gastronomi turizmini geli\u015ftirmeyi ve yerel \u00fcreticilere katk\u0131 sa\u011flamay\u0131 ama\u00e7lad\u0131\u011f\u0131n\u0131 belirtti. Ayr\u0131ca festivalin kentin gelece\u011fine yat\u0131r\u0131m niteli\u011fi ta\u015f\u0131d\u0131\u011f\u0131 vurguland\u0131.<br \/><\/p>\n","protected":false},"excerpt":{"rendered":"<p>Bodrum, 28 Eyl\u00fcl Pazar g\u00fcn\u00fc Karaincir Sahili\u2019nde d\u00fczenlenecek Uluslararas\u0131 Bodrum Bal\u0131k Festivali ile deniz k\u00fclt\u00fcr\u00fcn\u00fc ve Ege mutfa\u011f\u0131n\u0131 kutlamaya haz\u0131rlan\u0131yor. Festival, Tar\u0131m ve Orman Bakanl\u0131\u011f\u0131, K\u00fclt\u00fcr ve Turizm Bakanl\u0131\u011f\u0131, Mu\u011fla Valili\u011fi, Mu\u011fla B\u00fcy\u00fck\u015fehir Belediyesi, Bodrum Kaymakaml\u0131\u011f\u0131 ve Bodrum Belediyesi\u2019nin yan\u0131 s\u0131ra \u00e7ok say\u0131da kurum ve kurulu\u015fun deste\u011fiyle ger\u00e7ekle\u015ftirilecek. Ege mutfa\u011f\u0131 ve deniz k\u00fclt\u00fcr\u00fc \u00f6n planda&#8230;<\/p>\n","protected":false},"author":1,"featured_media":57486,"comment_status":"open","ping_status":"open","sticky":false,"template":"","format":"standard","meta":{"_crdt_document":"","footnotes":""},"categories":[1],"tags":[],"class_list":["post-57485","post","type-post","status-publish","format-standard","has-post-thumbnail","hentry","category-guncel"],"_links":{"self":[{"href":"https:\/\/www.egemtv.com\/index.php?rest_route=\/wp\/v2\/posts\/57485","targetHints":{"allow":["GET"]}}],"collection":[{"href":"https:\/\/www.egemtv.com\/index.php?rest_route=\/wp\/v2\/posts"}],"about":[{"href":"https:\/\/www.egemtv.com\/index.php?rest_route=\/wp\/v2\/types\/post"}],"author":[{"embeddable":true,"href":"https:\/\/www.egemtv.com\/index.php?rest_route=\/wp\/v2\/users\/1"}],"replies":[{"embeddable":true,"href":"https:\/\/www.egemtv.com\/index.php?rest_route=%2Fwp%2Fv2%2Fcomments&post=57485"}],"version-history":[{"count":1,"href":"https:\/\/www.egemtv.com\/index.php?rest_route=\/wp\/v2\/posts\/57485\/revisions"}],"predecessor-version":[{"id":57487,"href":"https:\/\/www.egemtv.com\/index.php?rest_route=\/wp\/v2\/posts\/57485\/revisions\/57487"}],"wp:featuredmedia":[{"embeddable":true,"href":"https:\/\/www.egemtv.com\/index.php?rest_route=\/wp\/v2\/media\/57486"}],"wp:attachment":[{"href":"https:\/\/www.egemtv.com\/index.php?rest_route=%2Fwp%2Fv2%2Fmedia&parent=57485"}],"wp:term":[{"taxonomy":"category","embeddable":true,"href":"https:\/\/www.egemtv.com\/index.php?rest_route=%2Fwp%2Fv2%2Fcategories&post=57485"},{"taxonomy":"post_tag","embeddable":true,"href":"https:\/\/www.egemtv.com\/index.php?rest_route=%2Fwp%2Fv2%2Ftags&post=57485"}],"curies":[{"name":"wp","href":"https:\/\/api.w.org\/{rel}","templated":true}]}}