{"id":57482,"date":"2025-09-26T12:55:02","date_gmt":"2025-09-26T09:55:02","guid":{"rendered":"https:\/\/www.egemtv.com\/?p=57482"},"modified":"2025-09-26T12:55:03","modified_gmt":"2025-09-26T09:55:03","slug":"kutahyada-sehitler-ve-gaziler-icin-mevlit-programi","status":"publish","type":"post","link":"https:\/\/www.egemtv.com\/?p=57482","title":{"rendered":"K\u00fctahya\u2019da \u015fehitler ve gaziler i\u00e7in mevlit program\u0131"},"content":{"rendered":"<p>K\u00fctahya\u2019da \u015fehitler ve gaziler i\u00e7in \u2019Kur\u2019an-\u0131 Kerim Tilaveti ve Mevlit Program\u0131\u2019 ger\u00e7ekle\u015ftirildi.<br \/>\n<br \/>K\u00fctahya Belediyesi ile T\u00fcrkiye Harp Malul\u00fc Gaziler, \u015eehit Dul ve Yetimleri Derne\u011fi K\u00fctahya \u015eubesi i\u015fbirli\u011finde \u2019Kur\u2019an-\u0131 Kerim Tilaveti ve Mevlit Program\u0131\u2019 d\u00fczenlenen program, K\u00fctahya Tayyare \u015eehitli\u011fi\u2019nde (Hava \u015eehitli\u011fi) ger\u00e7ekle\u015ftirildi. Etkinlikte, Sakarya Meydan Muharebesi\u2019nde \u015fehit d\u00fc\u015fen kahramanlar, eyl\u00fcl ay\u0131nda \u015fehit olan asker ve polisler ile ebediyete irtihal eden gaziler dualarla an\u0131ld\u0131. Kur\u2019an-\u0131 Kerim tilavetiyle ba\u015flayan programda \u015fehitler ve gaziler i\u00e7in eller semaya a\u00e7\u0131ld\u0131. Yetkililer, Kur\u2019an-\u0131 Kerim Tilaveti ve Mevlit Program\u0131\u2019n\u0131n her ay d\u00fczenli olarak devam edece\u011fini belirtti.<br \/>\n<br \/>Belediye Ba\u015fkan Yard\u0131mc\u0131s\u0131 Ha\u015fim Ertekin, il protokol\u00fc, dernek y\u00f6neticileri, \u015fehit aileleri, gaziler ve vatanda\u015flar programa kat\u0131l\u0131m sa\u011flad\u0131.<br \/><\/p>\n","protected":false},"excerpt":{"rendered":"<p>K\u00fctahya\u2019da \u015fehitler ve gaziler i\u00e7in \u2019Kur\u2019an-\u0131 Kerim Tilaveti ve Mevlit Program\u0131\u2019 ger\u00e7ekle\u015ftirildi. K\u00fctahya Belediyesi ile T\u00fcrkiye Harp Malul\u00fc Gaziler, \u015eehit Dul ve Yetimleri Derne\u011fi K\u00fctahya \u015eubesi i\u015fbirli\u011finde \u2019Kur\u2019an-\u0131 Kerim Tilaveti ve Mevlit Program\u0131\u2019 d\u00fczenlenen program, K\u00fctahya Tayyare \u015eehitli\u011fi\u2019nde (Hava \u015eehitli\u011fi) ger\u00e7ekle\u015ftirildi. Etkinlikte, Sakarya Meydan Muharebesi\u2019nde \u015fehit d\u00fc\u015fen kahramanlar, eyl\u00fcl ay\u0131nda \u015fehit olan asker ve polisler&#8230;<\/p>\n","protected":false},"author":1,"featured_media":57483,"comment_status":"open","ping_status":"open","sticky":false,"template":"","format":"standard","meta":{"_crdt_document":"","footnotes":""},"categories":[123],"tags":[],"class_list":["post-57482","post","type-post","status-publish","format-standard","has-post-thumbnail","hentry","category-gundem"],"_links":{"self":[{"href":"https:\/\/www.egemtv.com\/index.php?rest_route=\/wp\/v2\/posts\/57482","targetHints":{"allow":["GET"]}}],"collection":[{"href":"https:\/\/www.egemtv.com\/index.php?rest_route=\/wp\/v2\/posts"}],"about":[{"href":"https:\/\/www.egemtv.com\/index.php?rest_route=\/wp\/v2\/types\/post"}],"author":[{"embeddable":true,"href":"https:\/\/www.egemtv.com\/index.php?rest_route=\/wp\/v2\/users\/1"}],"replies":[{"embeddable":true,"href":"https:\/\/www.egemtv.com\/index.php?rest_route=%2Fwp%2Fv2%2Fcomments&post=57482"}],"version-history":[{"count":1,"href":"https:\/\/www.egemtv.com\/index.php?rest_route=\/wp\/v2\/posts\/57482\/revisions"}],"predecessor-version":[{"id":57484,"href":"https:\/\/www.egemtv.com\/index.php?rest_route=\/wp\/v2\/posts\/57482\/revisions\/57484"}],"wp:featuredmedia":[{"embeddable":true,"href":"https:\/\/www.egemtv.com\/index.php?rest_route=\/wp\/v2\/media\/57483"}],"wp:attachment":[{"href":"https:\/\/www.egemtv.com\/index.php?rest_route=%2Fwp%2Fv2%2Fmedia&parent=57482"}],"wp:term":[{"taxonomy":"category","embeddable":true,"href":"https:\/\/www.egemtv.com\/index.php?rest_route=%2Fwp%2Fv2%2Fcategories&post=57482"},{"taxonomy":"post_tag","embeddable":true,"href":"https:\/\/www.egemtv.com\/index.php?rest_route=%2Fwp%2Fv2%2Ftags&post=57482"}],"curies":[{"name":"wp","href":"https:\/\/api.w.org\/{rel}","templated":true}]}}