{"id":57383,"date":"2025-09-26T09:35:04","date_gmt":"2025-09-26T06:35:04","guid":{"rendered":"https:\/\/www.egemtv.com\/?p=57383"},"modified":"2025-09-26T09:35:04","modified_gmt":"2025-09-26T06:35:04","slug":"alo-cop-taksiden-kent-hijyeni-ve-temizligine-onemli-katki-alti-ayda-2-bin-806-ton-cop-toplandi","status":"publish","type":"post","link":"https:\/\/www.egemtv.com\/?p=57383","title":{"rendered":"Alo \u00c7\u00f6p Taksi\u2019den\u2019 kent hijyeni ve temizli\u011fine \u00f6nemli katk\u0131: &#8220;Alt\u0131 ayda 2 bin 806 ton \u00e7\u00f6p topland\u0131&#8221;"},"content":{"rendered":"<p>Belediye Ba\u015fkan\u0131 \u00d6mer G\u00fcnel taraf\u0131ndan ya\u015fama ge\u00e7irilen &#8220;Alo \u00c7\u00f6p Taksi&#8221; uygulamas\u0131, Ku\u015fadas\u0131\u2019n\u0131n hijyen ve temizli\u011fine \u00f6nemli bir katk\u0131 sa\u011flad\u0131. B\u00fcy\u00fck \u00e7\u00f6p kamyonlar\u0131n\u0131n giremedi\u011fi dar ve dik sokaklara rahatl\u0131kla ula\u015farak \u00e7evre kirlili\u011fine neden olan at\u0131klara an\u0131nda m\u00fcdahale eden \u00e7\u00f6p taksilerle 6 ayda 2 bin 806 ton \u00e7\u00f6p topland\u0131.<\/p>\n<p>Ku\u015fadas\u0131 Belediyesi, kent sakinlerine daha sa\u011fl\u0131kl\u0131, temiz ve hijyenik bir ya\u015fam alan\u0131 sunmak amac\u0131yla Temizlik \u0130\u015fleri M\u00fcd\u00fcrl\u00fc\u011f\u00fc b\u00fcnyesinde nisan ay\u0131nda &#8220;Alo \u00c7\u00f6p Taksi&#8221; uygulamas\u0131n\u0131 ba\u015flatt\u0131. \u00d6zel tasar\u0131ml\u0131 5 ara\u00e7 ve 1\u2019i kad\u0131n olmak \u00fczere 10 personelle hizmet veren \u00e7\u00f6p taksiler, \u00f6zellikle b\u00fcy\u00fck ara\u00e7lar\u0131n giremedi\u011fi dar sokaklara rahatl\u0131kla ula\u015farak \u00e7evre kirlili\u011fine neden olan ve acil al\u0131nmas\u0131 gereken at\u0131klar\u0131n k\u0131sa s\u00fcre i\u00e7erisinde bertaraf edilmesini sa\u011fl\u0131yor. Esnaf ve vatanda\u015flardan gelen ihbarlar\u0131 da de\u011ferlendiren \u00e7\u00f6p taksiler, g\u00fcn i\u00e7erisinde kent genelindeki bir\u00e7ok farkl\u0131 noktadan at\u0131k topluyor.<\/p>\n<p>T\u00fcrkiye\u2019nin turizm ba\u015fkenti Ku\u015fadas\u0131\u2019n\u0131n temizli\u011finde aktif bir rol \u00fcstlenen \u00e7\u00f6p taksiler, haftan\u0131n 7 g\u00fcn\u00fc 3 vardiya halinde kesintisiz mesai yap\u0131yor. 444 32 09 numaral\u0131 telefon \u00fczerinden ula\u015fman\u0131n m\u00fcmk\u00fcn oldu\u011fu \u00e7\u00f6p taksilerle, 6 ayda 2 bin 806 ton \u00e7\u00f6p topland\u0131. Kent sakinleri taraf\u0131ndan \u2018\u015fehrin yeni kahraman\u0131\u2019 olarak adland\u0131r\u0131lan \u2018Alo \u00c7\u00f6p Taksi\u2019 ara\u00e7lar\u0131n\u0131n say\u0131s\u0131n\u0131n ilerleyen g\u00fcnlerde artaca\u011f\u0131 a\u00e7\u0131kland\u0131.<\/p>\n<p>Alo \u00c7\u00f6p Taksi ara\u00e7lar\u0131yla kent hijyeni seferberli\u011fi kapsam\u0131nda \u00e7evreyi kirleten at\u0131klara an\u0131nda m\u00fcdahale edebildiklerin belirten Ku\u015fadas\u0131 Belediyesi Temizlik \u0130\u015fleri M\u00fcd\u00fcr\u00fc Hakan Bayrak, &#8220;Ku\u015fadas\u0131 \u00f6zellikle yaz d\u00f6neminde n\u00fcfusu olduk\u00e7a artan bir il\u00e7e. Yerli ve yabanc\u0131 turistlerin kentimize gelmesiyle birlikte temizlik hizmeti sundu\u011fumuz ki\u015fi say\u0131s\u0131 8-10 kat\u0131na \u00e7\u0131k\u0131yor. Uygulama sayesinde y\u00fcksek turizm sezonunu sorunsuz bir \u015fekilde ge\u00e7irdik. \u00d6zveriyle \u00e7al\u0131\u015fan Alo \u00c7\u00f6p Taksi personeline de verdikleri emek dolay\u0131s\u0131yla te\u015fekk\u00fcr ederim&#8221; diye konu\u015ftu.<br \/><\/p>\n","protected":false},"excerpt":{"rendered":"<p>Belediye Ba\u015fkan\u0131 \u00d6mer G\u00fcnel taraf\u0131ndan ya\u015fama ge\u00e7irilen &#8220;Alo \u00c7\u00f6p Taksi&#8221; uygulamas\u0131, Ku\u015fadas\u0131\u2019n\u0131n hijyen ve temizli\u011fine \u00f6nemli bir katk\u0131 sa\u011flad\u0131. B\u00fcy\u00fck \u00e7\u00f6p kamyonlar\u0131n\u0131n giremedi\u011fi dar ve dik sokaklara rahatl\u0131kla ula\u015farak \u00e7evre kirlili\u011fine neden olan at\u0131klara an\u0131nda m\u00fcdahale eden \u00e7\u00f6p taksilerle 6 ayda 2 bin 806 ton \u00e7\u00f6p topland\u0131. Ku\u015fadas\u0131 Belediyesi, kent sakinlerine daha sa\u011fl\u0131kl\u0131, temiz ve&#8230;<\/p>\n","protected":false},"author":1,"featured_media":57384,"comment_status":"open","ping_status":"open","sticky":false,"template":"","format":"standard","meta":{"_crdt_document":"","footnotes":""},"categories":[1],"tags":[],"class_list":["post-57383","post","type-post","status-publish","format-standard","has-post-thumbnail","hentry","category-guncel"],"_links":{"self":[{"href":"https:\/\/www.egemtv.com\/index.php?rest_route=\/wp\/v2\/posts\/57383","targetHints":{"allow":["GET"]}}],"collection":[{"href":"https:\/\/www.egemtv.com\/index.php?rest_route=\/wp\/v2\/posts"}],"about":[{"href":"https:\/\/www.egemtv.com\/index.php?rest_route=\/wp\/v2\/types\/post"}],"author":[{"embeddable":true,"href":"https:\/\/www.egemtv.com\/index.php?rest_route=\/wp\/v2\/users\/1"}],"replies":[{"embeddable":true,"href":"https:\/\/www.egemtv.com\/index.php?rest_route=%2Fwp%2Fv2%2Fcomments&post=57383"}],"version-history":[{"count":1,"href":"https:\/\/www.egemtv.com\/index.php?rest_route=\/wp\/v2\/posts\/57383\/revisions"}],"predecessor-version":[{"id":57385,"href":"https:\/\/www.egemtv.com\/index.php?rest_route=\/wp\/v2\/posts\/57383\/revisions\/57385"}],"wp:featuredmedia":[{"embeddable":true,"href":"https:\/\/www.egemtv.com\/index.php?rest_route=\/wp\/v2\/media\/57384"}],"wp:attachment":[{"href":"https:\/\/www.egemtv.com\/index.php?rest_route=%2Fwp%2Fv2%2Fmedia&parent=57383"}],"wp:term":[{"taxonomy":"category","embeddable":true,"href":"https:\/\/www.egemtv.com\/index.php?rest_route=%2Fwp%2Fv2%2Fcategories&post=57383"},{"taxonomy":"post_tag","embeddable":true,"href":"https:\/\/www.egemtv.com\/index.php?rest_route=%2Fwp%2Fv2%2Ftags&post=57383"}],"curies":[{"name":"wp","href":"https:\/\/api.w.org\/{rel}","templated":true}]}}