{"id":57377,"date":"2025-09-26T09:14:35","date_gmt":"2025-09-26T06:14:35","guid":{"rendered":"https:\/\/www.egemtv.com\/?p=57377"},"modified":"2025-09-26T09:14:36","modified_gmt":"2025-09-26T06:14:36","slug":"tralleis-antik-kentinde-sanat-ve-mitoloji-bulusmasi","status":"publish","type":"post","link":"https:\/\/www.egemtv.com\/?p=57377","title":{"rendered":"Tralleis Antik Kenti\u2019nde sanat ve mitoloji bulu\u015fmas\u0131"},"content":{"rendered":"<p>Ayd\u0131n\u2019da bir ilk olarak ger\u00e7ekle\u015fen 3\u2019\u00fcnc\u00fc Uluslararas\u0131 Mitoloji Film Festivali, Tralleis Antik Kenti\u2019nde d\u00fczenlendi.<\/p>\n<p>Festival kapsam\u0131nda Tralleis Antik Kenti\u2019nde ger\u00e7ekle\u015fen Yojuliet konseri ve kokteyl etkinli\u011fi, vatanda\u015flar taraf\u0131ndan yo\u011fun ilgi g\u00f6rd\u00fc. Festival boyunca keman-gitar dinletisi, &#8220;Hitit Masal\u0131 Anlat\u0131m\u0131&#8221; ve &#8220;\u0130nsanl\u0131\u011f\u0131n Ortak Hikayesi&#8221; s\u00f6yle\u015fisi izleyicilerle bulu\u015ftu. Ayr\u0131ca festivalin g\u00fcnd\u00fcz etkinliklerinde Nevzat Bi\u00e7er Nikah ve Konferans Salonu\u2019nda \u00e7ocuklar i\u00e7in &#8220;Earwing\u2019in \u015eark\u0131s\u0131&#8221;, yeti\u015fkinler i\u00e7in ise &#8220;Histroy&#8221; filmleri g\u00f6sterildi.<\/p>\n<p>Renkli ve yo\u011fun kat\u0131l\u0131mla ger\u00e7ekle\u015fen festival, Tralleis Antik Kenti\u2019ni adeta bir k\u00fclt\u00fcr ve sanat bulu\u015fma noktas\u0131na d\u00f6n\u00fc\u015ft\u00fcrd\u00fc.<br \/><\/p>\n","protected":false},"excerpt":{"rendered":"<p>Ayd\u0131n\u2019da bir ilk olarak ger\u00e7ekle\u015fen 3\u2019\u00fcnc\u00fc Uluslararas\u0131 Mitoloji Film Festivali, Tralleis Antik Kenti\u2019nde d\u00fczenlendi. Festival kapsam\u0131nda Tralleis Antik Kenti\u2019nde ger\u00e7ekle\u015fen Yojuliet konseri ve kokteyl etkinli\u011fi, vatanda\u015flar taraf\u0131ndan yo\u011fun ilgi g\u00f6rd\u00fc. Festival boyunca keman-gitar dinletisi, &#8220;Hitit Masal\u0131 Anlat\u0131m\u0131&#8221; ve &#8220;\u0130nsanl\u0131\u011f\u0131n Ortak Hikayesi&#8221; s\u00f6yle\u015fisi izleyicilerle bulu\u015ftu. Ayr\u0131ca festivalin g\u00fcnd\u00fcz etkinliklerinde Nevzat Bi\u00e7er Nikah ve Konferans Salonu\u2019nda \u00e7ocuklar&#8230;<\/p>\n","protected":false},"author":1,"featured_media":57378,"comment_status":"open","ping_status":"open","sticky":false,"template":"","format":"standard","meta":{"_crdt_document":"","footnotes":""},"categories":[1],"tags":[],"class_list":["post-57377","post","type-post","status-publish","format-standard","has-post-thumbnail","hentry","category-guncel"],"_links":{"self":[{"href":"https:\/\/www.egemtv.com\/index.php?rest_route=\/wp\/v2\/posts\/57377","targetHints":{"allow":["GET"]}}],"collection":[{"href":"https:\/\/www.egemtv.com\/index.php?rest_route=\/wp\/v2\/posts"}],"about":[{"href":"https:\/\/www.egemtv.com\/index.php?rest_route=\/wp\/v2\/types\/post"}],"author":[{"embeddable":true,"href":"https:\/\/www.egemtv.com\/index.php?rest_route=\/wp\/v2\/users\/1"}],"replies":[{"embeddable":true,"href":"https:\/\/www.egemtv.com\/index.php?rest_route=%2Fwp%2Fv2%2Fcomments&post=57377"}],"version-history":[{"count":1,"href":"https:\/\/www.egemtv.com\/index.php?rest_route=\/wp\/v2\/posts\/57377\/revisions"}],"predecessor-version":[{"id":57379,"href":"https:\/\/www.egemtv.com\/index.php?rest_route=\/wp\/v2\/posts\/57377\/revisions\/57379"}],"wp:featuredmedia":[{"embeddable":true,"href":"https:\/\/www.egemtv.com\/index.php?rest_route=\/wp\/v2\/media\/57378"}],"wp:attachment":[{"href":"https:\/\/www.egemtv.com\/index.php?rest_route=%2Fwp%2Fv2%2Fmedia&parent=57377"}],"wp:term":[{"taxonomy":"category","embeddable":true,"href":"https:\/\/www.egemtv.com\/index.php?rest_route=%2Fwp%2Fv2%2Fcategories&post=57377"},{"taxonomy":"post_tag","embeddable":true,"href":"https:\/\/www.egemtv.com\/index.php?rest_route=%2Fwp%2Fv2%2Ftags&post=57377"}],"curies":[{"name":"wp","href":"https:\/\/api.w.org\/{rel}","templated":true}]}}