{"id":57374,"date":"2025-09-26T08:54:42","date_gmt":"2025-09-26T05:54:42","guid":{"rendered":"https:\/\/www.egemtv.com\/?p=57374"},"modified":"2025-09-26T08:54:42","modified_gmt":"2025-09-26T05:54:42","slug":"aydinda-95-bin-dekar-alanda-aycicegi-ekiliyor","status":"publish","type":"post","link":"https:\/\/www.egemtv.com\/?p=57374","title":{"rendered":"Ayd\u0131n\u2019da 95 bin dekar alanda ay\u00e7i\u00e7e\u011fi ekiliyor"},"content":{"rendered":"<p>Ayd\u0131n\u2019da 2025 y\u0131l\u0131 \u00c7ift\u00e7i Kay\u0131t Sistemi (\u00c7KS) verilerine g\u00f6re toplam 95 bin dekar alanda ay\u00e7i\u00e7e\u011fi ekimi yap\u0131ld\u0131\u011f\u0131 bildirildi.<\/p>\n<p>Ayd\u0131n Tar\u0131m ve Orman \u0130l M\u00fcd\u00fcr\u00fc Ayhan Temiz, \u0130l\u00e7e M\u00fcd\u00fcr\u00fc Zeki Berhuni ve teknik ekipler S\u00f6ke il\u00e7esindeki ay\u00e7i\u00e7e\u011fi ekim alanlar\u0131nda incelemelerde bulundu. \u0130l M\u00fcd\u00fcrl\u00fc\u011f\u00fc\u2019nden yap\u0131lan a\u00e7\u0131klamada, 95 bin dekar ekim alan\u0131n\u0131n 73 bin dekar\u0131n\u0131n S\u00f6ke\u2019de bulundu\u011fu belirtilerek, il\u00e7enin tek ba\u015f\u0131na Ayd\u0131n\u2019daki ay\u00e7i\u00e7e\u011fi ekim alanlar\u0131n\u0131n y\u00fczde 75\u2019ini olu\u015fturdu\u011fu kaydedildi. Tar\u0131m yetkilileri, S\u00f6ke\u2019nin geni\u015f tar\u0131m arazileri ve uygun iklim \u015fartlar\u0131yla ay\u00e7i\u00e7e\u011fi \u00fcretiminde \u00f6ne \u00e7\u0131kt\u0131\u011f\u0131n\u0131 ifade etti.<br \/><\/p>\n","protected":false},"excerpt":{"rendered":"<p>Ayd\u0131n\u2019da 2025 y\u0131l\u0131 \u00c7ift\u00e7i Kay\u0131t Sistemi (\u00c7KS) verilerine g\u00f6re toplam 95 bin dekar alanda ay\u00e7i\u00e7e\u011fi ekimi yap\u0131ld\u0131\u011f\u0131 bildirildi. Ayd\u0131n Tar\u0131m ve Orman \u0130l M\u00fcd\u00fcr\u00fc Ayhan Temiz, \u0130l\u00e7e M\u00fcd\u00fcr\u00fc Zeki Berhuni ve teknik ekipler S\u00f6ke il\u00e7esindeki ay\u00e7i\u00e7e\u011fi ekim alanlar\u0131nda incelemelerde bulundu. \u0130l M\u00fcd\u00fcrl\u00fc\u011f\u00fc\u2019nden yap\u0131lan a\u00e7\u0131klamada, 95 bin dekar ekim alan\u0131n\u0131n 73 bin dekar\u0131n\u0131n S\u00f6ke\u2019de bulundu\u011fu belirtilerek,&#8230;<\/p>\n","protected":false},"author":1,"featured_media":57375,"comment_status":"open","ping_status":"open","sticky":false,"template":"","format":"standard","meta":{"_crdt_document":"","footnotes":""},"categories":[1],"tags":[],"class_list":["post-57374","post","type-post","status-publish","format-standard","has-post-thumbnail","hentry","category-guncel"],"_links":{"self":[{"href":"https:\/\/www.egemtv.com\/index.php?rest_route=\/wp\/v2\/posts\/57374","targetHints":{"allow":["GET"]}}],"collection":[{"href":"https:\/\/www.egemtv.com\/index.php?rest_route=\/wp\/v2\/posts"}],"about":[{"href":"https:\/\/www.egemtv.com\/index.php?rest_route=\/wp\/v2\/types\/post"}],"author":[{"embeddable":true,"href":"https:\/\/www.egemtv.com\/index.php?rest_route=\/wp\/v2\/users\/1"}],"replies":[{"embeddable":true,"href":"https:\/\/www.egemtv.com\/index.php?rest_route=%2Fwp%2Fv2%2Fcomments&post=57374"}],"version-history":[{"count":1,"href":"https:\/\/www.egemtv.com\/index.php?rest_route=\/wp\/v2\/posts\/57374\/revisions"}],"predecessor-version":[{"id":57376,"href":"https:\/\/www.egemtv.com\/index.php?rest_route=\/wp\/v2\/posts\/57374\/revisions\/57376"}],"wp:featuredmedia":[{"embeddable":true,"href":"https:\/\/www.egemtv.com\/index.php?rest_route=\/wp\/v2\/media\/57375"}],"wp:attachment":[{"href":"https:\/\/www.egemtv.com\/index.php?rest_route=%2Fwp%2Fv2%2Fmedia&parent=57374"}],"wp:term":[{"taxonomy":"category","embeddable":true,"href":"https:\/\/www.egemtv.com\/index.php?rest_route=%2Fwp%2Fv2%2Fcategories&post=57374"},{"taxonomy":"post_tag","embeddable":true,"href":"https:\/\/www.egemtv.com\/index.php?rest_route=%2Fwp%2Fv2%2Ftags&post=57374"}],"curies":[{"name":"wp","href":"https:\/\/api.w.org\/{rel}","templated":true}]}}