{"id":57371,"date":"2025-09-26T08:54:41","date_gmt":"2025-09-26T05:54:41","guid":{"rendered":"https:\/\/www.egemtv.com\/?p=57371"},"modified":"2025-09-26T08:54:42","modified_gmt":"2025-09-26T05:54:42","slug":"koy-okulunda-akilli-tahta-sevinci","status":"publish","type":"post","link":"https:\/\/www.egemtv.com\/?p=57371","title":{"rendered":"K\u00f6y okulunda ak\u0131ll\u0131 tahta sevinci"},"content":{"rendered":"<p>Manisa\u2019n\u0131n Sar\u0131g\u00f6l il\u00e7esinin en uzak mahallesi olan \u015eeyhdavutlar Mahallesi \u0130lkokulunda kurulan ak\u0131ll\u0131 tahtalar, hem \u00f6\u011frencilerin hem de \u00f6\u011fretmenlerin y\u00fcz\u00fcn\u00fc g\u00fcld\u00fcrd\u00fc.<br \/>\n<br \/>Manisa\u2019n\u0131n Sar\u0131g\u00f6l il\u00e7esine ba\u011fl\u0131 \u015eeyhdavutlar \u0130lkokulu, tarihinde ilk kez ak\u0131ll\u0131 tahta ile bulu\u015ftu. \u00d6\u011frenciler, modern e\u011fitim teknolojisiyle tan\u0131\u015fman\u0131n heyecan\u0131n\u0131 ya\u015fad\u0131.<br \/>\n<br \/>S\u0131n\u0131flara kurulan ak\u0131ll\u0131 tahtalar sayesinde derslerin daha verimli ve ilgi \u00e7ekici i\u015flendi\u011fini belirten \u00f6\u011fretmenler, \u00f6\u011frencilerin teknolojiyi daha etkin kullanabildi\u011fini ifade etti. \u0130lk kez ak\u0131ll\u0131 tahta ile ders i\u015fleyen \u00f6\u011frenciler de b\u00fcy\u00fck sevin\u00e7 ya\u015fad\u0131.<br \/>\n<br \/>Sar\u0131g\u00f6l \u0130l\u00e7e Milli E\u011fitim M\u00fcd\u00fcr\u00fc Cezmi Y\u0131ld\u0131rak taraf\u0131ndan y\u00fcr\u00fct\u00fclen \u00e7al\u0131\u015fmalar kapsam\u0131nda, e\u011fitimde f\u0131rsat e\u015fitli\u011finin sa\u011flanmas\u0131 ve \u00f6\u011frencilerin \u00e7a\u011f\u0131n gerektirdi\u011fi teknolojik imkanlardan faydalanmas\u0131 hedefleniyor.<br \/><\/p>\n","protected":false},"excerpt":{"rendered":"<p>Manisa\u2019n\u0131n Sar\u0131g\u00f6l il\u00e7esinin en uzak mahallesi olan \u015eeyhdavutlar Mahallesi \u0130lkokulunda kurulan ak\u0131ll\u0131 tahtalar, hem \u00f6\u011frencilerin hem de \u00f6\u011fretmenlerin y\u00fcz\u00fcn\u00fc g\u00fcld\u00fcrd\u00fc. Manisa\u2019n\u0131n Sar\u0131g\u00f6l il\u00e7esine ba\u011fl\u0131 \u015eeyhdavutlar \u0130lkokulu, tarihinde ilk kez ak\u0131ll\u0131 tahta ile bulu\u015ftu. \u00d6\u011frenciler, modern e\u011fitim teknolojisiyle tan\u0131\u015fman\u0131n heyecan\u0131n\u0131 ya\u015fad\u0131. S\u0131n\u0131flara kurulan ak\u0131ll\u0131 tahtalar sayesinde derslerin daha verimli ve ilgi \u00e7ekici i\u015flendi\u011fini belirten \u00f6\u011fretmenler, \u00f6\u011frencilerin&#8230;<\/p>\n","protected":false},"author":1,"featured_media":57372,"comment_status":"open","ping_status":"open","sticky":false,"template":"","format":"standard","meta":{"_crdt_document":"","footnotes":""},"categories":[1],"tags":[],"class_list":["post-57371","post","type-post","status-publish","format-standard","has-post-thumbnail","hentry","category-guncel"],"_links":{"self":[{"href":"https:\/\/www.egemtv.com\/index.php?rest_route=\/wp\/v2\/posts\/57371","targetHints":{"allow":["GET"]}}],"collection":[{"href":"https:\/\/www.egemtv.com\/index.php?rest_route=\/wp\/v2\/posts"}],"about":[{"href":"https:\/\/www.egemtv.com\/index.php?rest_route=\/wp\/v2\/types\/post"}],"author":[{"embeddable":true,"href":"https:\/\/www.egemtv.com\/index.php?rest_route=\/wp\/v2\/users\/1"}],"replies":[{"embeddable":true,"href":"https:\/\/www.egemtv.com\/index.php?rest_route=%2Fwp%2Fv2%2Fcomments&post=57371"}],"version-history":[{"count":1,"href":"https:\/\/www.egemtv.com\/index.php?rest_route=\/wp\/v2\/posts\/57371\/revisions"}],"predecessor-version":[{"id":57373,"href":"https:\/\/www.egemtv.com\/index.php?rest_route=\/wp\/v2\/posts\/57371\/revisions\/57373"}],"wp:featuredmedia":[{"embeddable":true,"href":"https:\/\/www.egemtv.com\/index.php?rest_route=\/wp\/v2\/media\/57372"}],"wp:attachment":[{"href":"https:\/\/www.egemtv.com\/index.php?rest_route=%2Fwp%2Fv2%2Fmedia&parent=57371"}],"wp:term":[{"taxonomy":"category","embeddable":true,"href":"https:\/\/www.egemtv.com\/index.php?rest_route=%2Fwp%2Fv2%2Fcategories&post=57371"},{"taxonomy":"post_tag","embeddable":true,"href":"https:\/\/www.egemtv.com\/index.php?rest_route=%2Fwp%2Fv2%2Ftags&post=57371"}],"curies":[{"name":"wp","href":"https:\/\/api.w.org\/{rel}","templated":true}]}}