{"id":57368,"date":"2025-09-26T08:54:40","date_gmt":"2025-09-26T05:54:40","guid":{"rendered":"https:\/\/www.egemtv.com\/?p=57368"},"modified":"2025-09-26T08:54:41","modified_gmt":"2025-09-26T05:54:41","slug":"soforlere-kurallara-uyun-mesaji","status":"publish","type":"post","link":"https:\/\/www.egemtv.com\/?p=57368","title":{"rendered":"\u015eof\u00f6rlere &#8220;Kurallara uyun&#8221; mesaj\u0131"},"content":{"rendered":"<p>Manisa\u2019n\u0131n Sar\u0131g\u00f6l il\u00e7esinde, 2025-2026 e\u011fitim-\u00f6\u011fretim y\u0131l\u0131 \u00f6ncesinde ta\u015f\u0131mal\u0131 e\u011fitim \u015fof\u00f6rlerine y\u00f6nelik bilgilendirme toplant\u0131s\u0131 yap\u0131ld\u0131.<br \/>\n<br \/>Sar\u0131g\u00f6l \u0130l\u00e7e Milli E\u011fitim M\u00fcd\u00fcrl\u00fc\u011f\u00fc taraf\u0131ndan d\u00fczenlenen toplant\u0131ya \u0130l\u00e7e Milli E\u011fitim \u015eube M\u00fcd\u00fcr\u00fc Muhittin \u015een ba\u015fkanl\u0131k yapt\u0131. Toplant\u0131ya ayr\u0131ca Jandarma Trafik Tim Komutan\u0131 Uzman Jandarma VIII. Kad. \u00c7v\u015f. Ramazan Alt\u0131nta\u015f, Emniyet Personeli Kadir Korkmaz ve ta\u015f\u0131mal\u0131 e\u011fitim \u015fof\u00f6rleri kat\u0131ld\u0131.<br \/>\n<br \/>Toplant\u0131da ta\u015f\u0131mal\u0131 e\u011fitim y\u00f6netmeli\u011fi ve \u015fof\u00f6rlerin uymas\u0131 gereken kurallar hakk\u0131nda bilgiler verildi. Ayr\u0131ca denetimlerin d\u00fczenli aral\u0131klarla yap\u0131laca\u011f\u0131 hat\u0131rlat\u0131ld\u0131.<br \/>\n<br \/>Programda \u015fof\u00f6rlerin kar\u015f\u0131la\u015ft\u0131klar\u0131 sorunlar da dile getirilerek \u00e7\u00f6z\u00fcm \u00f6nerileri \u00fczerine fikir al\u0131\u015fveri\u015finde bulunuldu. Toplant\u0131 kar\u015f\u0131l\u0131kl\u0131 de\u011ferlendirmelerin ard\u0131ndan sona erdi.<br \/><\/p>\n","protected":false},"excerpt":{"rendered":"<p>Manisa\u2019n\u0131n Sar\u0131g\u00f6l il\u00e7esinde, 2025-2026 e\u011fitim-\u00f6\u011fretim y\u0131l\u0131 \u00f6ncesinde ta\u015f\u0131mal\u0131 e\u011fitim \u015fof\u00f6rlerine y\u00f6nelik bilgilendirme toplant\u0131s\u0131 yap\u0131ld\u0131. Sar\u0131g\u00f6l \u0130l\u00e7e Milli E\u011fitim M\u00fcd\u00fcrl\u00fc\u011f\u00fc taraf\u0131ndan d\u00fczenlenen toplant\u0131ya \u0130l\u00e7e Milli E\u011fitim \u015eube M\u00fcd\u00fcr\u00fc Muhittin \u015een ba\u015fkanl\u0131k yapt\u0131. Toplant\u0131ya ayr\u0131ca Jandarma Trafik Tim Komutan\u0131 Uzman Jandarma VIII. Kad. \u00c7v\u015f. Ramazan Alt\u0131nta\u015f, Emniyet Personeli Kadir Korkmaz ve ta\u015f\u0131mal\u0131 e\u011fitim \u015fof\u00f6rleri kat\u0131ld\u0131. Toplant\u0131da ta\u015f\u0131mal\u0131&#8230;<\/p>\n","protected":false},"author":1,"featured_media":57369,"comment_status":"open","ping_status":"open","sticky":false,"template":"","format":"standard","meta":{"_crdt_document":"","footnotes":""},"categories":[1],"tags":[],"class_list":["post-57368","post","type-post","status-publish","format-standard","has-post-thumbnail","hentry","category-guncel"],"_links":{"self":[{"href":"https:\/\/www.egemtv.com\/index.php?rest_route=\/wp\/v2\/posts\/57368","targetHints":{"allow":["GET"]}}],"collection":[{"href":"https:\/\/www.egemtv.com\/index.php?rest_route=\/wp\/v2\/posts"}],"about":[{"href":"https:\/\/www.egemtv.com\/index.php?rest_route=\/wp\/v2\/types\/post"}],"author":[{"embeddable":true,"href":"https:\/\/www.egemtv.com\/index.php?rest_route=\/wp\/v2\/users\/1"}],"replies":[{"embeddable":true,"href":"https:\/\/www.egemtv.com\/index.php?rest_route=%2Fwp%2Fv2%2Fcomments&post=57368"}],"version-history":[{"count":1,"href":"https:\/\/www.egemtv.com\/index.php?rest_route=\/wp\/v2\/posts\/57368\/revisions"}],"predecessor-version":[{"id":57370,"href":"https:\/\/www.egemtv.com\/index.php?rest_route=\/wp\/v2\/posts\/57368\/revisions\/57370"}],"wp:featuredmedia":[{"embeddable":true,"href":"https:\/\/www.egemtv.com\/index.php?rest_route=\/wp\/v2\/media\/57369"}],"wp:attachment":[{"href":"https:\/\/www.egemtv.com\/index.php?rest_route=%2Fwp%2Fv2%2Fmedia&parent=57368"}],"wp:term":[{"taxonomy":"category","embeddable":true,"href":"https:\/\/www.egemtv.com\/index.php?rest_route=%2Fwp%2Fv2%2Fcategories&post=57368"},{"taxonomy":"post_tag","embeddable":true,"href":"https:\/\/www.egemtv.com\/index.php?rest_route=%2Fwp%2Fv2%2Ftags&post=57368"}],"curies":[{"name":"wp","href":"https:\/\/api.w.org\/{rel}","templated":true}]}}