{"id":57365,"date":"2025-09-26T08:54:39","date_gmt":"2025-09-26T05:54:39","guid":{"rendered":"https:\/\/www.egemtv.com\/?p=57365"},"modified":"2025-09-26T08:54:40","modified_gmt":"2025-09-26T05:54:40","slug":"soke-yenikent-kavsagina-sinyalizasyon-geliyor","status":"publish","type":"post","link":"https:\/\/www.egemtv.com\/?p=57365","title":{"rendered":"S\u00f6ke Yenikent Kav\u015fa\u011f\u0131\u2019na sinyalizasyon geliyor"},"content":{"rendered":"<p>S\u00f6ke-Ku\u015fadas\u0131 yolu \u00fczerinde s\u0131k s\u0131k kazalar\u0131n ya\u015fand\u0131\u011f\u0131 Yenikent Kav\u015fa\u011f\u0131 i\u00e7in Mahalle Muhtar\u0131 Mehmet Dikici\u2019nin talebi sonu\u00e7 verdi. Ayd\u0131n B\u00fcy\u00fck\u015fehir Belediyesi\u2019nden ba\u015fvuruya cevap gelirken; Ula\u015ft\u0131rma Koordinasyon Merkezi (UKOME)\u2019nin, kav\u015fa\u011fa sinyalizasyon sistemi kurulmas\u0131 karar\u0131n\u0131 oy birli\u011fiyle ald\u0131\u011f\u0131 belirtildi.<\/p>\n<p>S\u00f6ke\u2019nin en yo\u011fun trafi\u011fe sahip noktalar\u0131ndan biri olan \u0130smet \u0130n\u00f6n\u00fc Caddesi (Ku\u015fadas\u0131 yolu) \u00fczerindeki Yenikent Kav\u015fa\u011f\u0131\u2019na sinyalizasyon sistemi kuruluyor. Yenikent Mahalle Muhtar\u0131 Mehmet Dikici\u2019nin giri\u015fimleriyle Ayd\u0131n B\u00fcy\u00fck\u015fehir Belediyesi\u2019ne iletilen talep, UKOME toplant\u0131s\u0131nda g\u00f6r\u00fc\u015f\u00fcld\u00fc.<br \/>\n<br \/>10 Haziran 2024 tarihinde yap\u0131lan toplant\u0131da, &#8220;S\u00f6ke \u0130l\u00e7esi, \u0130smet \u0130n\u00f6n\u00fc Caddesi ile Mehmet Semerci Caddesi Kesi\u015fimi Sinyalizasyon ve Trafik Sirk\u00fclasyon Projesi&#8221;nin uygun oldu\u011funa, toplant\u0131ya kat\u0131lan \u00fcyelerin oy birli\u011fi ile karar verilmi\u015ftir&#8221; denildi.<\/p>\n<p>B\u00f6lgede daha \u00f6nce \u00e7ok say\u0131da kazan\u0131n meydana gelmesi nedeniyle vatanda\u015flar\u0131n uzun s\u00fcredir bekledi\u011fi karar ba\u015fta mahalle sakinlerini sevindirdi. Ayd\u0131n B\u00fcy\u00fck\u015fehir Belediyesi Muhtarl\u0131k \u0130\u015fleri Daire Ba\u015fkanl\u0131\u011f\u0131\u2019ndan muhtar Dikici\u2019ye g\u00f6nderilen ilgili yaz\u0131da, gerekli geometrik d\u00fczenlemelerin Fen \u0130\u015fleri Dairesi Ba\u015fkanl\u0131\u011f\u0131 taraf\u0131ndan tamamlanmas\u0131n\u0131n ard\u0131ndan sinyalizasyon sisteminin Trafik \u015eube M\u00fcd\u00fcrl\u00fc\u011f\u00fc ekiplerince kurulaca\u011f\u0131 bildirildi.<br \/>\n<br \/>Mahalle Muhtar\u0131 Mehmet Dikici, vatanda\u015flar\u0131n g\u00fcvenli\u011fi i\u00e7in at\u0131lan bu ad\u0131m\u0131n hayati \u00f6nem ta\u015f\u0131d\u0131\u011f\u0131n\u0131 vurgulayarak eme\u011fi ge\u00e7enlere te\u015fekk\u00fcr etti.<br \/><\/p>\n","protected":false},"excerpt":{"rendered":"<p>S\u00f6ke-Ku\u015fadas\u0131 yolu \u00fczerinde s\u0131k s\u0131k kazalar\u0131n ya\u015fand\u0131\u011f\u0131 Yenikent Kav\u015fa\u011f\u0131 i\u00e7in Mahalle Muhtar\u0131 Mehmet Dikici\u2019nin talebi sonu\u00e7 verdi. Ayd\u0131n B\u00fcy\u00fck\u015fehir Belediyesi\u2019nden ba\u015fvuruya cevap gelirken; Ula\u015ft\u0131rma Koordinasyon Merkezi (UKOME)\u2019nin, kav\u015fa\u011fa sinyalizasyon sistemi kurulmas\u0131 karar\u0131n\u0131 oy birli\u011fiyle ald\u0131\u011f\u0131 belirtildi. S\u00f6ke\u2019nin en yo\u011fun trafi\u011fe sahip noktalar\u0131ndan biri olan \u0130smet \u0130n\u00f6n\u00fc Caddesi (Ku\u015fadas\u0131 yolu) \u00fczerindeki Yenikent Kav\u015fa\u011f\u0131\u2019na sinyalizasyon sistemi kuruluyor&#8230;.<\/p>\n","protected":false},"author":1,"featured_media":57366,"comment_status":"open","ping_status":"open","sticky":false,"template":"","format":"standard","meta":{"_crdt_document":"","footnotes":""},"categories":[1],"tags":[],"class_list":["post-57365","post","type-post","status-publish","format-standard","has-post-thumbnail","hentry","category-guncel"],"_links":{"self":[{"href":"https:\/\/www.egemtv.com\/index.php?rest_route=\/wp\/v2\/posts\/57365","targetHints":{"allow":["GET"]}}],"collection":[{"href":"https:\/\/www.egemtv.com\/index.php?rest_route=\/wp\/v2\/posts"}],"about":[{"href":"https:\/\/www.egemtv.com\/index.php?rest_route=\/wp\/v2\/types\/post"}],"author":[{"embeddable":true,"href":"https:\/\/www.egemtv.com\/index.php?rest_route=\/wp\/v2\/users\/1"}],"replies":[{"embeddable":true,"href":"https:\/\/www.egemtv.com\/index.php?rest_route=%2Fwp%2Fv2%2Fcomments&post=57365"}],"version-history":[{"count":1,"href":"https:\/\/www.egemtv.com\/index.php?rest_route=\/wp\/v2\/posts\/57365\/revisions"}],"predecessor-version":[{"id":57367,"href":"https:\/\/www.egemtv.com\/index.php?rest_route=\/wp\/v2\/posts\/57365\/revisions\/57367"}],"wp:featuredmedia":[{"embeddable":true,"href":"https:\/\/www.egemtv.com\/index.php?rest_route=\/wp\/v2\/media\/57366"}],"wp:attachment":[{"href":"https:\/\/www.egemtv.com\/index.php?rest_route=%2Fwp%2Fv2%2Fmedia&parent=57365"}],"wp:term":[{"taxonomy":"category","embeddable":true,"href":"https:\/\/www.egemtv.com\/index.php?rest_route=%2Fwp%2Fv2%2Fcategories&post=57365"},{"taxonomy":"post_tag","embeddable":true,"href":"https:\/\/www.egemtv.com\/index.php?rest_route=%2Fwp%2Fv2%2Ftags&post=57365"}],"curies":[{"name":"wp","href":"https:\/\/api.w.org\/{rel}","templated":true}]}}