{"id":57362,"date":"2025-09-25T22:35:31","date_gmt":"2025-09-25T19:35:31","guid":{"rendered":"https:\/\/www.egemtv.com\/?p=57362"},"modified":"2025-09-25T22:35:32","modified_gmt":"2025-09-25T19:35:32","slug":"tarihi-yolda-mahsur-kalan-3-kisi-kurtarildi","status":"publish","type":"post","link":"https:\/\/www.egemtv.com\/?p=57362","title":{"rendered":"Tarihi yolda mahsur kalan 3 ki\u015fi kurtar\u0131ld\u0131"},"content":{"rendered":"<p>Mu\u011fla\u2019n\u0131n Seydikemer il\u00e7esinde tarihi Likya Yolu\u2019nda mahsur kalan biri T\u00fcrk, ikisi Alman vatanda\u015f\u0131 olmak \u00fczere 3 ki\u015fi Jandarma Arama Kurtarma (JAK) ve UMKE ekipleri taraf\u0131ndan kurtar\u0131ld\u0131.<\/p>\n<p>Edinilen bilgiye g\u00f6re, Almanya uyruklu F.H., S.M.T. ile T\u00fcrk vatanda\u015f\u0131 E.\u00d6. Seydikemer il\u00e7esindeki tarihi Likya yolunda y\u00fcr\u00fcy\u00fc\u015fe \u00e7\u0131kt\u0131. Y\u00fcr\u00fcy\u00fc\u015f s\u0131ras\u0131nda Almanya uyruklu F.H. dengesini kaybederek d\u00fc\u015ft\u00fc. F.H. aya\u011f\u0131ndan sakatlanarak y\u00fcr\u00fcyemez hale geldi. Acil \u00c7a\u011fr\u0131 Merkezi\u2019ne yap\u0131lan ihbar\u0131n ard\u0131ndan JAK ve UMKE ekipleri b\u00f6lgeye sevk edildi. Ekipler 2 saat s\u00fcren s\u00fcren operasyon sonucunda b\u00f6lgede mahsur kalan 3 ki\u015fiyi kurtard\u0131. Aya\u011f\u0131ndan yaralanan F.H. ambulansla hastaneye kald\u0131r\u0131larak tedaviye al\u0131nd\u0131.<br \/><\/p>\n","protected":false},"excerpt":{"rendered":"<p>Mu\u011fla\u2019n\u0131n Seydikemer il\u00e7esinde tarihi Likya Yolu\u2019nda mahsur kalan biri T\u00fcrk, ikisi Alman vatanda\u015f\u0131 olmak \u00fczere 3 ki\u015fi Jandarma Arama Kurtarma (JAK) ve UMKE ekipleri taraf\u0131ndan kurtar\u0131ld\u0131. Edinilen bilgiye g\u00f6re, Almanya uyruklu F.H., S.M.T. ile T\u00fcrk vatanda\u015f\u0131 E.\u00d6. Seydikemer il\u00e7esindeki tarihi Likya yolunda y\u00fcr\u00fcy\u00fc\u015fe \u00e7\u0131kt\u0131. Y\u00fcr\u00fcy\u00fc\u015f s\u0131ras\u0131nda Almanya uyruklu F.H. dengesini kaybederek d\u00fc\u015ft\u00fc. F.H. aya\u011f\u0131ndan sakatlanarak&#8230;<\/p>\n","protected":false},"author":1,"featured_media":57363,"comment_status":"open","ping_status":"open","sticky":false,"template":"","format":"standard","meta":{"_crdt_document":"","footnotes":""},"categories":[5],"tags":[],"class_list":["post-57362","post","type-post","status-publish","format-standard","has-post-thumbnail","hentry","category-asayis"],"_links":{"self":[{"href":"https:\/\/www.egemtv.com\/index.php?rest_route=\/wp\/v2\/posts\/57362","targetHints":{"allow":["GET"]}}],"collection":[{"href":"https:\/\/www.egemtv.com\/index.php?rest_route=\/wp\/v2\/posts"}],"about":[{"href":"https:\/\/www.egemtv.com\/index.php?rest_route=\/wp\/v2\/types\/post"}],"author":[{"embeddable":true,"href":"https:\/\/www.egemtv.com\/index.php?rest_route=\/wp\/v2\/users\/1"}],"replies":[{"embeddable":true,"href":"https:\/\/www.egemtv.com\/index.php?rest_route=%2Fwp%2Fv2%2Fcomments&post=57362"}],"version-history":[{"count":1,"href":"https:\/\/www.egemtv.com\/index.php?rest_route=\/wp\/v2\/posts\/57362\/revisions"}],"predecessor-version":[{"id":57364,"href":"https:\/\/www.egemtv.com\/index.php?rest_route=\/wp\/v2\/posts\/57362\/revisions\/57364"}],"wp:featuredmedia":[{"embeddable":true,"href":"https:\/\/www.egemtv.com\/index.php?rest_route=\/wp\/v2\/media\/57363"}],"wp:attachment":[{"href":"https:\/\/www.egemtv.com\/index.php?rest_route=%2Fwp%2Fv2%2Fmedia&parent=57362"}],"wp:term":[{"taxonomy":"category","embeddable":true,"href":"https:\/\/www.egemtv.com\/index.php?rest_route=%2Fwp%2Fv2%2Fcategories&post=57362"},{"taxonomy":"post_tag","embeddable":true,"href":"https:\/\/www.egemtv.com\/index.php?rest_route=%2Fwp%2Fv2%2Ftags&post=57362"}],"curies":[{"name":"wp","href":"https:\/\/api.w.org\/{rel}","templated":true}]}}