{"id":57359,"date":"2025-09-25T22:14:55","date_gmt":"2025-09-25T19:14:55","guid":{"rendered":"https:\/\/www.egemtv.com\/?p=57359"},"modified":"2025-09-25T22:14:56","modified_gmt":"2025-09-25T19:14:56","slug":"emette-ucuruma-yuvarlanan-aractaki-kari-koca-yaralandi","status":"publish","type":"post","link":"https:\/\/www.egemtv.com\/?p=57359","title":{"rendered":"Emet\u2019te u\u00e7uruma yuvarlanan ara\u00e7taki kar\u0131 koca yaraland\u0131"},"content":{"rendered":"<p>K\u00fctahya\u2019n\u0131n Emet il\u00e7esine ba\u011fl\u0131 Umutlu k\u00f6y\u00fcnde bir otomobilin u\u00e7uruma yuvarlanmas\u0131 sonucu meydana gelen kazada ara\u00e7ta bulunan kar\u0131 koca yaraland\u0131.<br \/>\n<br \/>Edinilen bilgiye g\u00f6re, Emet il\u00e7esinden Umutlu k\u00f6y\u00fcne seyir halinde olan Ahmet B. y\u00f6netimindeki 43 HT 384 plakal\u0131 ara\u00e7 \u015eap Deresi mevkiinde s\u00fcr\u00fcc\u00fcs\u00fcn\u00fcn direksiyon hakimiyetini kaybetmesi sonucu takla atarak yakla\u015f\u0131k 150 metrelik u\u00e7uruma yuvarland\u0131. \u0130hbar \u00fczerine olay yerine sa\u011fl\u0131k, jandarma ve itfaiye kurtarma ekipleri sevk edildi. Kazada \u015fof\u00f6r Ahmet B. ve ara\u00e7ta bulunan e\u015fi \u015eerife B. yaraland\u0131. \u0130tfaiye ekiplerince ara\u00e7tan \u00e7\u0131kar\u0131lan yaral\u0131 kar\u0131 koca ambulansla Emet Dr. Faz\u0131l Do\u011fan Devlet Hastanesine kald\u0131r\u0131ld\u0131.<br \/>\n<br \/>Kazayla ilgili olarak soru\u015fturma s\u00fcr\u00fcyor.<br \/><\/p>\n","protected":false},"excerpt":{"rendered":"<p>K\u00fctahya\u2019n\u0131n Emet il\u00e7esine ba\u011fl\u0131 Umutlu k\u00f6y\u00fcnde bir otomobilin u\u00e7uruma yuvarlanmas\u0131 sonucu meydana gelen kazada ara\u00e7ta bulunan kar\u0131 koca yaraland\u0131. Edinilen bilgiye g\u00f6re, Emet il\u00e7esinden Umutlu k\u00f6y\u00fcne seyir halinde olan Ahmet B. y\u00f6netimindeki 43 HT 384 plakal\u0131 ara\u00e7 \u015eap Deresi mevkiinde s\u00fcr\u00fcc\u00fcs\u00fcn\u00fcn direksiyon hakimiyetini kaybetmesi sonucu takla atarak yakla\u015f\u0131k 150 metrelik u\u00e7uruma yuvarland\u0131. \u0130hbar \u00fczerine olay&#8230;<\/p>\n","protected":false},"author":1,"featured_media":57360,"comment_status":"open","ping_status":"open","sticky":false,"template":"","format":"standard","meta":{"_crdt_document":"","footnotes":""},"categories":[5],"tags":[],"class_list":["post-57359","post","type-post","status-publish","format-standard","has-post-thumbnail","hentry","category-asayis"],"_links":{"self":[{"href":"https:\/\/www.egemtv.com\/index.php?rest_route=\/wp\/v2\/posts\/57359","targetHints":{"allow":["GET"]}}],"collection":[{"href":"https:\/\/www.egemtv.com\/index.php?rest_route=\/wp\/v2\/posts"}],"about":[{"href":"https:\/\/www.egemtv.com\/index.php?rest_route=\/wp\/v2\/types\/post"}],"author":[{"embeddable":true,"href":"https:\/\/www.egemtv.com\/index.php?rest_route=\/wp\/v2\/users\/1"}],"replies":[{"embeddable":true,"href":"https:\/\/www.egemtv.com\/index.php?rest_route=%2Fwp%2Fv2%2Fcomments&post=57359"}],"version-history":[{"count":1,"href":"https:\/\/www.egemtv.com\/index.php?rest_route=\/wp\/v2\/posts\/57359\/revisions"}],"predecessor-version":[{"id":57361,"href":"https:\/\/www.egemtv.com\/index.php?rest_route=\/wp\/v2\/posts\/57359\/revisions\/57361"}],"wp:featuredmedia":[{"embeddable":true,"href":"https:\/\/www.egemtv.com\/index.php?rest_route=\/wp\/v2\/media\/57360"}],"wp:attachment":[{"href":"https:\/\/www.egemtv.com\/index.php?rest_route=%2Fwp%2Fv2%2Fmedia&parent=57359"}],"wp:term":[{"taxonomy":"category","embeddable":true,"href":"https:\/\/www.egemtv.com\/index.php?rest_route=%2Fwp%2Fv2%2Fcategories&post=57359"},{"taxonomy":"post_tag","embeddable":true,"href":"https:\/\/www.egemtv.com\/index.php?rest_route=%2Fwp%2Fv2%2Ftags&post=57359"}],"curies":[{"name":"wp","href":"https:\/\/api.w.org\/{rel}","templated":true}]}}