{"id":57356,"date":"2025-09-25T21:37:47","date_gmt":"2025-09-25T18:37:47","guid":{"rendered":"https:\/\/www.egemtv.com\/?p=57356"},"modified":"2025-09-25T21:37:47","modified_gmt":"2025-09-25T18:37:47","slug":"yaktigi-otlarin-icerisine-duserek-can-verdi","status":"publish","type":"post","link":"https:\/\/www.egemtv.com\/?p=57356","title":{"rendered":"Yakt\u0131\u011f\u0131 otlar\u0131n i\u00e7erisine d\u00fc\u015ferek can verdi"},"content":{"rendered":"<p>Afyonkarahisar\u2019da yakt\u0131\u011f\u0131 otlar\u0131n i\u00e7erisine d\u00fc\u015fen ya\u015fl\u0131 adam hayat\u0131n\u0131 kaybetti.<br \/>\n<br \/>Olay, S\u00fcl\u00fcn beldesi Hisar Mahallesi\u2019nde meydana geldi. Edinilen bilgilere g\u00f6re, H\u00fcseyin C. (84) isimli ya\u015fl\u0131 adam, evinin kar\u015f\u0131s\u0131ndaki otlar\u0131 yakt\u0131\u011f\u0131 s\u0131rada bir anda dengesini kaybederek otlar\u0131n i\u00e7ine d\u00fc\u015ft\u00fc. Bay\u0131lan ve dumandan etkilendi\u011fi i\u00e7in d\u00fc\u015ft\u00fc\u011f\u00fc yerden kalkamayan H\u00fcseyin C., yang\u0131n\u0131n ortas\u0131nda kalarak ya\u015fam\u0131n\u0131 yitirdi. Talihsiz adam\u0131n cesedini \u00c7evredeki vatanda\u015flar\u0131n yang\u0131n ihbar\u0131 \u00fczerine olay yerine itfaiye ekipleri buldu. Polis ekiplerinin incelemesi sonucu ya\u015fl\u0131 adam\u0131n cenazesi, morga kald\u0131r\u0131ld\u0131.<br \/>\n<br \/>Olayla ilgili savc\u0131l\u0131k taraf\u0131ndan soru\u015fturma ba\u015flat\u0131ld\u0131\u011f\u0131 bildirildi.<br \/><\/p>\n","protected":false},"excerpt":{"rendered":"<p>Afyonkarahisar\u2019da yakt\u0131\u011f\u0131 otlar\u0131n i\u00e7erisine d\u00fc\u015fen ya\u015fl\u0131 adam hayat\u0131n\u0131 kaybetti. Olay, S\u00fcl\u00fcn beldesi Hisar Mahallesi\u2019nde meydana geldi. Edinilen bilgilere g\u00f6re, H\u00fcseyin C. (84) isimli ya\u015fl\u0131 adam, evinin kar\u015f\u0131s\u0131ndaki otlar\u0131 yakt\u0131\u011f\u0131 s\u0131rada bir anda dengesini kaybederek otlar\u0131n i\u00e7ine d\u00fc\u015ft\u00fc. Bay\u0131lan ve dumandan etkilendi\u011fi i\u00e7in d\u00fc\u015ft\u00fc\u011f\u00fc yerden kalkamayan H\u00fcseyin C., yang\u0131n\u0131n ortas\u0131nda kalarak ya\u015fam\u0131n\u0131 yitirdi. Talihsiz adam\u0131n cesedini&#8230;<\/p>\n","protected":false},"author":1,"featured_media":57357,"comment_status":"open","ping_status":"open","sticky":false,"template":"","format":"standard","meta":{"_crdt_document":"","footnotes":""},"categories":[5],"tags":[],"class_list":["post-57356","post","type-post","status-publish","format-standard","has-post-thumbnail","hentry","category-asayis"],"_links":{"self":[{"href":"https:\/\/www.egemtv.com\/index.php?rest_route=\/wp\/v2\/posts\/57356","targetHints":{"allow":["GET"]}}],"collection":[{"href":"https:\/\/www.egemtv.com\/index.php?rest_route=\/wp\/v2\/posts"}],"about":[{"href":"https:\/\/www.egemtv.com\/index.php?rest_route=\/wp\/v2\/types\/post"}],"author":[{"embeddable":true,"href":"https:\/\/www.egemtv.com\/index.php?rest_route=\/wp\/v2\/users\/1"}],"replies":[{"embeddable":true,"href":"https:\/\/www.egemtv.com\/index.php?rest_route=%2Fwp%2Fv2%2Fcomments&post=57356"}],"version-history":[{"count":1,"href":"https:\/\/www.egemtv.com\/index.php?rest_route=\/wp\/v2\/posts\/57356\/revisions"}],"predecessor-version":[{"id":57358,"href":"https:\/\/www.egemtv.com\/index.php?rest_route=\/wp\/v2\/posts\/57356\/revisions\/57358"}],"wp:featuredmedia":[{"embeddable":true,"href":"https:\/\/www.egemtv.com\/index.php?rest_route=\/wp\/v2\/media\/57357"}],"wp:attachment":[{"href":"https:\/\/www.egemtv.com\/index.php?rest_route=%2Fwp%2Fv2%2Fmedia&parent=57356"}],"wp:term":[{"taxonomy":"category","embeddable":true,"href":"https:\/\/www.egemtv.com\/index.php?rest_route=%2Fwp%2Fv2%2Fcategories&post=57356"},{"taxonomy":"post_tag","embeddable":true,"href":"https:\/\/www.egemtv.com\/index.php?rest_route=%2Fwp%2Fv2%2Ftags&post=57356"}],"curies":[{"name":"wp","href":"https:\/\/api.w.org\/{rel}","templated":true}]}}