{"id":57353,"date":"2025-09-25T21:15:15","date_gmt":"2025-09-25T18:15:15","guid":{"rendered":"https:\/\/www.egemtv.com\/?p=57353"},"modified":"2025-09-25T21:15:16","modified_gmt":"2025-09-25T18:15:16","slug":"manisada-24-yil-2-ay-hapis-cezasi-bulunan-firari-yakalandi","status":"publish","type":"post","link":"https:\/\/www.egemtv.com\/?p=57353","title":{"rendered":"Manisa\u2019da 24 y\u0131l 2 ay hapis cezas\u0131 bulunan firari yakaland\u0131"},"content":{"rendered":"<p>Manisa \u0130l Jandarma Komutanl\u0131\u011f\u0131 JASAT ekiplerince d\u00fczenlenen operasyonda, 29 ayr\u0131 doland\u0131r\u0131c\u0131l\u0131k su\u00e7undan aranan ve hakk\u0131nda 24 y\u0131l 2 ay kesinle\u015fmi\u015f hapis cezas\u0131 bulunan \u015fah\u0131s yakaland\u0131.<br \/>\n<br \/>Edinilen bilgiye g\u00f6re, Manisa \u0130l Jandarma Komutanl\u0131\u011f\u0131\u2019na ba\u011fl\u0131 Jandarma Su\u00e7 Ara\u015ft\u0131rma Timleri (JASAT) taraf\u0131ndan nitelikli su\u00e7lardan aranan \u015fah\u0131slara y\u00f6nelik \u00e7al\u0131\u015fma y\u00fcr\u00fct\u00fcld\u00fc. Yap\u0131lan \u00e7al\u0131\u015fmalar sonucunda, 29 ayr\u0131 &#8220;doland\u0131r\u0131c\u0131l\u0131k&#8221; su\u00e7undan aranan ve hakk\u0131nda toplam 24 y\u0131l 2 ay kesinle\u015fmi\u015f hapis cezas\u0131 bulunan C.Y. (E\/2004) isimli \u015fah\u0131s 25 Eyl\u00fcl 2025 g\u00fcn\u00fc yakaland\u0131.<br \/>\n<br \/>Yakalanan \u015f\u00fcpheli, Cumhuriyet Savc\u0131l\u0131\u011f\u0131n\u0131n talimatlar\u0131 do\u011frultusunda adli i\u015flemleri yap\u0131lmak \u00fczere jandarma ekiplerince g\u00f6zalt\u0131na al\u0131nd\u0131.<br \/><\/p>\n","protected":false},"excerpt":{"rendered":"<p>Manisa \u0130l Jandarma Komutanl\u0131\u011f\u0131 JASAT ekiplerince d\u00fczenlenen operasyonda, 29 ayr\u0131 doland\u0131r\u0131c\u0131l\u0131k su\u00e7undan aranan ve hakk\u0131nda 24 y\u0131l 2 ay kesinle\u015fmi\u015f hapis cezas\u0131 bulunan \u015fah\u0131s yakaland\u0131. Edinilen bilgiye g\u00f6re, Manisa \u0130l Jandarma Komutanl\u0131\u011f\u0131\u2019na ba\u011fl\u0131 Jandarma Su\u00e7 Ara\u015ft\u0131rma Timleri (JASAT) taraf\u0131ndan nitelikli su\u00e7lardan aranan \u015fah\u0131slara y\u00f6nelik \u00e7al\u0131\u015fma y\u00fcr\u00fct\u00fcld\u00fc. Yap\u0131lan \u00e7al\u0131\u015fmalar sonucunda, 29 ayr\u0131 &#8220;doland\u0131r\u0131c\u0131l\u0131k&#8221; su\u00e7undan aranan ve&#8230;<\/p>\n","protected":false},"author":1,"featured_media":57354,"comment_status":"open","ping_status":"open","sticky":false,"template":"","format":"standard","meta":{"_crdt_document":"","footnotes":""},"categories":[5],"tags":[],"class_list":["post-57353","post","type-post","status-publish","format-standard","has-post-thumbnail","hentry","category-asayis"],"_links":{"self":[{"href":"https:\/\/www.egemtv.com\/index.php?rest_route=\/wp\/v2\/posts\/57353","targetHints":{"allow":["GET"]}}],"collection":[{"href":"https:\/\/www.egemtv.com\/index.php?rest_route=\/wp\/v2\/posts"}],"about":[{"href":"https:\/\/www.egemtv.com\/index.php?rest_route=\/wp\/v2\/types\/post"}],"author":[{"embeddable":true,"href":"https:\/\/www.egemtv.com\/index.php?rest_route=\/wp\/v2\/users\/1"}],"replies":[{"embeddable":true,"href":"https:\/\/www.egemtv.com\/index.php?rest_route=%2Fwp%2Fv2%2Fcomments&post=57353"}],"version-history":[{"count":1,"href":"https:\/\/www.egemtv.com\/index.php?rest_route=\/wp\/v2\/posts\/57353\/revisions"}],"predecessor-version":[{"id":57355,"href":"https:\/\/www.egemtv.com\/index.php?rest_route=\/wp\/v2\/posts\/57353\/revisions\/57355"}],"wp:featuredmedia":[{"embeddable":true,"href":"https:\/\/www.egemtv.com\/index.php?rest_route=\/wp\/v2\/media\/57354"}],"wp:attachment":[{"href":"https:\/\/www.egemtv.com\/index.php?rest_route=%2Fwp%2Fv2%2Fmedia&parent=57353"}],"wp:term":[{"taxonomy":"category","embeddable":true,"href":"https:\/\/www.egemtv.com\/index.php?rest_route=%2Fwp%2Fv2%2Fcategories&post=57353"},{"taxonomy":"post_tag","embeddable":true,"href":"https:\/\/www.egemtv.com\/index.php?rest_route=%2Fwp%2Fv2%2Ftags&post=57353"}],"curies":[{"name":"wp","href":"https:\/\/api.w.org\/{rel}","templated":true}]}}