{"id":57350,"date":"2025-09-25T20:35:01","date_gmt":"2025-09-25T17:35:01","guid":{"rendered":"https:\/\/www.egemtv.com\/?p=57350"},"modified":"2025-09-25T20:35:04","modified_gmt":"2025-09-25T17:35:04","slug":"prof-dr-huseyin-seyhanlioglundan-kurtler-ve-ortadogu-ittifaki-vurgusu","status":"publish","type":"post","link":"https:\/\/www.egemtv.com\/?p=57350","title":{"rendered":"Prof. Dr. H\u00fcseyin \u015eeyhanl\u0131o\u011flu\u2019ndan &#8220;K\u00fcrtler ve Ortado\u011fu \u0130ttifak\u0131&#8221; vurgusu"},"content":{"rendered":"<p>K\u00fctahya Dumlup\u0131nar \u00dcniversitesi (DP\u00dc) Uygulama ve Ara\u015ft\u0131rma Merkezleri Koordinat\u00f6r\u00fc ve Siyaset Bilimi Uzman\u0131 Prof. Dr. H\u00fcseyin \u015eeyhanl\u0131o\u011flu, K\u00fcrtlerin tarih boyunca T\u00fcrkler, Araplar ve Acemlerle birlikte \u0130slam d\u00fcnyas\u0131n\u0131n en kritik noktas\u0131nda \u00f6nemli roller \u00fcstlendi\u011fini s\u00f6yledi.<br \/>\n<br \/>\u015eeyhanl\u0131o\u011flu, K\u00fcrtlerin Selahaddin Eyyubi\u2019den bu yana \u0130slam co\u011frafyas\u0131nda kahramanca m\u00fccadeleler verdi\u011fini belirterek, Mo\u011follara, Ha\u00e7l\u0131lara ve \u0130ran fitnesine kar\u015f\u0131 sava\u015fan K\u00fcrtlerin, Kurtulu\u015f Sava\u015f\u0131\u2019nda da M\u00fcsl\u00fcmanlar\u0131n yan\u0131nda yer ald\u0131\u011f\u0131n\u0131 ifade etti.<br \/>\n<br \/>K\u00fcrtlerin tarihten gelen b\u00fcy\u00fck bir miras\u0131 bulundu\u011funu vurgulayan Prof. Dr. \u015eeyhanl\u0131o\u011flu, bu miras\u0131n en \u00f6nemli temsilcilerinden birinin Yavuz Sultan Selim\u2019in dan\u0131\u015fman\u0131 \u0130dris-i Bitlisi oldu\u011funu s\u00f6yledi. Bitlisi\u2019nin hem kalemi hem de k\u0131l\u0131c\u0131yla Osmanl\u0131\u2019ya hizmet etti\u011fini aktaran \u015eeyhanl\u0131o\u011flu, onun katk\u0131lar\u0131yla Osmanl\u0131\u2019n\u0131n 500 y\u0131l boyunca b\u00f6lgedeki istikrar\u0131 sa\u011flad\u0131\u011f\u0131n\u0131 kaydetti.<br \/>\n<br \/>G\u00fcn\u00fcm\u00fczde b\u00f6lgedeki dengelerin de\u011fi\u015fti\u011fini ifade eden \u015eeyhanl\u0131o\u011flu, T\u00fcrk, K\u00fcrt, Arap ve Acemlerin olu\u015fturaca\u011f\u0131 bir &#8220;Bereketli Hilal \u0130ttifak\u0131&#8221;n\u0131n \u00f6nemine dikkat \u00e7ekti. Bu yap\u0131n\u0131n Avrupa Birli\u011fi benzeri bir modelle, s\u0131n\u0131rlar korunarak; mal, hizmet, sermaye ve insanlar\u0131n serbest dola\u015f\u0131m\u0131 temelinde kurulabilece\u011fini dile getirdi.<br \/>\n<br \/>A\u00e7\u0131klamas\u0131nda Bat\u0131 d\u00fcnyas\u0131n\u0131n tarih boyunca K\u00fcrtleri, Belucileri ve Ke\u015fmirlileri &#8220;patlayacak may\u0131n&#8221; gibi b\u0131rakt\u0131\u011f\u0131n\u0131 s\u00f6yleyen \u015eeyhanl\u0131o\u011flu, &#8220;Biz karde\u015f\u00e7e i\u015fbirli\u011fi yaparak M\u00fcsl\u00fcmanca ya\u015famal\u0131, izzet ve \u015feref i\u00e7inde gelece\u011fe y\u00fcr\u00fcmeliyiz. Aksi halde Filistin ve Gazze gibi ac\u0131 tablolar tekrar ya\u015fan\u0131r&#8221; dedi.<br \/><\/p>\n","protected":false},"excerpt":{"rendered":"<p>K\u00fctahya Dumlup\u0131nar \u00dcniversitesi (DP\u00dc) Uygulama ve Ara\u015ft\u0131rma Merkezleri Koordinat\u00f6r\u00fc ve Siyaset Bilimi Uzman\u0131 Prof. Dr. H\u00fcseyin \u015eeyhanl\u0131o\u011flu, K\u00fcrtlerin tarih boyunca T\u00fcrkler, Araplar ve Acemlerle birlikte \u0130slam d\u00fcnyas\u0131n\u0131n en kritik noktas\u0131nda \u00f6nemli roller \u00fcstlendi\u011fini s\u00f6yledi. \u015eeyhanl\u0131o\u011flu, K\u00fcrtlerin Selahaddin Eyyubi\u2019den bu yana \u0130slam co\u011frafyas\u0131nda kahramanca m\u00fccadeleler verdi\u011fini belirterek, Mo\u011follara, Ha\u00e7l\u0131lara ve \u0130ran fitnesine kar\u015f\u0131 sava\u015fan K\u00fcrtlerin, Kurtulu\u015f&#8230;<\/p>\n","protected":false},"author":1,"featured_media":57351,"comment_status":"open","ping_status":"open","sticky":false,"template":"","format":"standard","meta":{"_crdt_document":"","footnotes":""},"categories":[123],"tags":[],"class_list":["post-57350","post","type-post","status-publish","format-standard","has-post-thumbnail","hentry","category-gundem"],"_links":{"self":[{"href":"https:\/\/www.egemtv.com\/index.php?rest_route=\/wp\/v2\/posts\/57350","targetHints":{"allow":["GET"]}}],"collection":[{"href":"https:\/\/www.egemtv.com\/index.php?rest_route=\/wp\/v2\/posts"}],"about":[{"href":"https:\/\/www.egemtv.com\/index.php?rest_route=\/wp\/v2\/types\/post"}],"author":[{"embeddable":true,"href":"https:\/\/www.egemtv.com\/index.php?rest_route=\/wp\/v2\/users\/1"}],"replies":[{"embeddable":true,"href":"https:\/\/www.egemtv.com\/index.php?rest_route=%2Fwp%2Fv2%2Fcomments&post=57350"}],"version-history":[{"count":1,"href":"https:\/\/www.egemtv.com\/index.php?rest_route=\/wp\/v2\/posts\/57350\/revisions"}],"predecessor-version":[{"id":57352,"href":"https:\/\/www.egemtv.com\/index.php?rest_route=\/wp\/v2\/posts\/57350\/revisions\/57352"}],"wp:featuredmedia":[{"embeddable":true,"href":"https:\/\/www.egemtv.com\/index.php?rest_route=\/wp\/v2\/media\/57351"}],"wp:attachment":[{"href":"https:\/\/www.egemtv.com\/index.php?rest_route=%2Fwp%2Fv2%2Fmedia&parent=57350"}],"wp:term":[{"taxonomy":"category","embeddable":true,"href":"https:\/\/www.egemtv.com\/index.php?rest_route=%2Fwp%2Fv2%2Fcategories&post=57350"},{"taxonomy":"post_tag","embeddable":true,"href":"https:\/\/www.egemtv.com\/index.php?rest_route=%2Fwp%2Fv2%2Ftags&post=57350"}],"curies":[{"name":"wp","href":"https:\/\/api.w.org\/{rel}","templated":true}]}}