{"id":57347,"date":"2025-09-25T19:55:41","date_gmt":"2025-09-25T16:55:41","guid":{"rendered":"https:\/\/www.egemtv.com\/?p=57347"},"modified":"2025-09-25T19:55:42","modified_gmt":"2025-09-25T16:55:42","slug":"izmirde-dini-degerlere-hakaret-ve-mustehcenlik-suclamasiyla-2-kisi-gozaltina-alindi","status":"publish","type":"post","link":"https:\/\/www.egemtv.com\/?p=57347","title":{"rendered":"\u0130zmir\u2019de &#8220;dini de\u011ferlere hakaret ve m\u00fcstehcenlik&#8221; su\u00e7lamas\u0131yla 2 ki\u015fi g\u00f6zalt\u0131na al\u0131nd\u0131"},"content":{"rendered":"<p>\u0130zmir\u2019de sosyal medyada yay\u0131lan g\u00f6r\u00fcnt\u00fcler \u00fczerine ba\u015flat\u0131lan soru\u015fturma kapsam\u0131nda, &#8220;dini de\u011ferlere hakaret&#8221; ve &#8220;m\u00fcstehcenlik&#8221; su\u00e7lamas\u0131yla 2 ki\u015fi g\u00f6zalt\u0131na al\u0131nd\u0131.<br \/>\n<br \/>\u0130zmir Cumhuriyet Ba\u015fsavc\u0131l\u0131\u011f\u0131ndan yap\u0131lan a\u00e7\u0131klamaya g\u00f6re, bir e\u011flence mekan\u0131nda \u00e7ekilen ve sosyal medyada payla\u015f\u0131lan g\u00f6r\u00fcnt\u00fcler sonras\u0131 soru\u015fturma ba\u015flat\u0131ld\u0131. A\u00e7\u0131klamada, &#8220;Halk\u0131n bir kesiminin benimsedi\u011fi dini de\u011ferlere alenen hakaret&#8221; ve &#8220;m\u00fcstehcenlik&#8221; su\u00e7lar\u0131 kapsam\u0131nda \u015f\u00fcpheliler hakk\u0131nda g\u00f6zalt\u0131 karar\u0131 verildi\u011fi bildirildi.<br \/>\n<br \/>\u0130l Emniyet M\u00fcd\u00fcrl\u00fc\u011f\u00fc G\u00fcvenlik \u015eubesi ekiplerince yap\u0131lan operasyonla \u015f\u00fcpheliler H.K. ve A.S. yakalanarak g\u00f6zalt\u0131na al\u0131nd\u0131. \u015e\u00fcphelilerin emniyetteki i\u015flemleri s\u00fcr\u00fcyor.<br \/><\/p>\n","protected":false},"excerpt":{"rendered":"<p>\u0130zmir\u2019de sosyal medyada yay\u0131lan g\u00f6r\u00fcnt\u00fcler \u00fczerine ba\u015flat\u0131lan soru\u015fturma kapsam\u0131nda, &#8220;dini de\u011ferlere hakaret&#8221; ve &#8220;m\u00fcstehcenlik&#8221; su\u00e7lamas\u0131yla 2 ki\u015fi g\u00f6zalt\u0131na al\u0131nd\u0131. \u0130zmir Cumhuriyet Ba\u015fsavc\u0131l\u0131\u011f\u0131ndan yap\u0131lan a\u00e7\u0131klamaya g\u00f6re, bir e\u011flence mekan\u0131nda \u00e7ekilen ve sosyal medyada payla\u015f\u0131lan g\u00f6r\u00fcnt\u00fcler sonras\u0131 soru\u015fturma ba\u015flat\u0131ld\u0131. A\u00e7\u0131klamada, &#8220;Halk\u0131n bir kesiminin benimsedi\u011fi dini de\u011ferlere alenen hakaret&#8221; ve &#8220;m\u00fcstehcenlik&#8221; su\u00e7lar\u0131 kapsam\u0131nda \u015f\u00fcpheliler hakk\u0131nda g\u00f6zalt\u0131 karar\u0131 verildi\u011fi&#8230;<\/p>\n","protected":false},"author":1,"featured_media":57348,"comment_status":"open","ping_status":"open","sticky":false,"template":"","format":"standard","meta":{"_crdt_document":"","footnotes":""},"categories":[5],"tags":[],"class_list":["post-57347","post","type-post","status-publish","format-standard","has-post-thumbnail","hentry","category-asayis"],"_links":{"self":[{"href":"https:\/\/www.egemtv.com\/index.php?rest_route=\/wp\/v2\/posts\/57347","targetHints":{"allow":["GET"]}}],"collection":[{"href":"https:\/\/www.egemtv.com\/index.php?rest_route=\/wp\/v2\/posts"}],"about":[{"href":"https:\/\/www.egemtv.com\/index.php?rest_route=\/wp\/v2\/types\/post"}],"author":[{"embeddable":true,"href":"https:\/\/www.egemtv.com\/index.php?rest_route=\/wp\/v2\/users\/1"}],"replies":[{"embeddable":true,"href":"https:\/\/www.egemtv.com\/index.php?rest_route=%2Fwp%2Fv2%2Fcomments&post=57347"}],"version-history":[{"count":1,"href":"https:\/\/www.egemtv.com\/index.php?rest_route=\/wp\/v2\/posts\/57347\/revisions"}],"predecessor-version":[{"id":57349,"href":"https:\/\/www.egemtv.com\/index.php?rest_route=\/wp\/v2\/posts\/57347\/revisions\/57349"}],"wp:featuredmedia":[{"embeddable":true,"href":"https:\/\/www.egemtv.com\/index.php?rest_route=\/wp\/v2\/media\/57348"}],"wp:attachment":[{"href":"https:\/\/www.egemtv.com\/index.php?rest_route=%2Fwp%2Fv2%2Fmedia&parent=57347"}],"wp:term":[{"taxonomy":"category","embeddable":true,"href":"https:\/\/www.egemtv.com\/index.php?rest_route=%2Fwp%2Fv2%2Fcategories&post=57347"},{"taxonomy":"post_tag","embeddable":true,"href":"https:\/\/www.egemtv.com\/index.php?rest_route=%2Fwp%2Fv2%2Ftags&post=57347"}],"curies":[{"name":"wp","href":"https:\/\/api.w.org\/{rel}","templated":true}]}}