{"id":57263,"date":"2025-09-25T13:41:35","date_gmt":"2025-09-25T10:41:35","guid":{"rendered":"https:\/\/www.egemtv.com\/?p=57263"},"modified":"2025-09-25T13:41:35","modified_gmt":"2025-09-25T10:41:35","slug":"kusadasinda-uyusturucu-operasyonu-2-tutuklama","status":"publish","type":"post","link":"https:\/\/www.egemtv.com\/?p=57263","title":{"rendered":"Ku\u015fadas\u0131\u2019nda uyu\u015fturucu operasyonu: 2 tutuklama"},"content":{"rendered":"<p>Ayd\u0131n\u2019\u0131n Ku\u015fadas\u0131 il\u00e7esinde narkotik ekipleri taraf\u0131ndan yap\u0131lan uyu\u015fturucu operasyonunda 2 \u015f\u00fcpheli tutuklanarak cezaevine g\u00f6nderildi.<\/p>\n<p>Ayd\u0131n\u2019da narkotik polislerinin uyu\u015fturucu madde kullan\u0131m\u0131 ve ticaretinin \u00f6nlenmesine y\u00f6nelik \u00e7al\u0131\u015fmalar\u0131 aral\u0131ks\u0131z s\u00fcr\u00fcyor. Edinilen bilgiye g\u00f6re, Narkotik Su\u00e7larla M\u00fccadele \u015eube M\u00fcd\u00fcrl\u00fc\u011f\u00fc Ku\u015fadas\u0131 B\u00fcro Amirli\u011fi g\u00f6revlileri taraf\u0131ndan yap\u0131lan \u00e7al\u0131\u015fmada S.C. (30) ve Y.\u00d6. (29) isimli \u015f\u00fcpheli \u015fah\u0131slar yakaland\u0131. \u015e\u00fcphelilerin \u00fcst aramas\u0131nda; 9 par\u00e7a halinde 428.70 gram kokain uyu\u015fturucu madde ile 47 adet sentetik hap ele ge\u00e7irildi. G\u00f6zalt\u0131na al\u0131narak emniyete g\u00f6t\u00fcr\u00fclen \u015f\u00fcpheliler i\u015flemlerinin ard\u0131ndan adliyeye sevk edildi. \u015e\u00fcpheliler \u00e7\u0131kart\u0131ld\u0131klar\u0131 adli makamlarca tutuklanarak cezaevine g\u00f6nderildi.<br \/><\/p>\n","protected":false},"excerpt":{"rendered":"<p>Ayd\u0131n\u2019\u0131n Ku\u015fadas\u0131 il\u00e7esinde narkotik ekipleri taraf\u0131ndan yap\u0131lan uyu\u015fturucu operasyonunda 2 \u015f\u00fcpheli tutuklanarak cezaevine g\u00f6nderildi. Ayd\u0131n\u2019da narkotik polislerinin uyu\u015fturucu madde kullan\u0131m\u0131 ve ticaretinin \u00f6nlenmesine y\u00f6nelik \u00e7al\u0131\u015fmalar\u0131 aral\u0131ks\u0131z s\u00fcr\u00fcyor. Edinilen bilgiye g\u00f6re, Narkotik Su\u00e7larla M\u00fccadele \u015eube M\u00fcd\u00fcrl\u00fc\u011f\u00fc Ku\u015fadas\u0131 B\u00fcro Amirli\u011fi g\u00f6revlileri taraf\u0131ndan yap\u0131lan \u00e7al\u0131\u015fmada S.C. (30) ve Y.\u00d6. (29) isimli \u015f\u00fcpheli \u015fah\u0131slar yakaland\u0131. \u015e\u00fcphelilerin \u00fcst aramas\u0131nda; 9&#8230;<\/p>\n","protected":false},"author":1,"featured_media":57264,"comment_status":"open","ping_status":"open","sticky":false,"template":"","format":"standard","meta":{"_crdt_document":"","footnotes":""},"categories":[5],"tags":[],"class_list":["post-57263","post","type-post","status-publish","format-standard","has-post-thumbnail","hentry","category-asayis"],"_links":{"self":[{"href":"https:\/\/www.egemtv.com\/index.php?rest_route=\/wp\/v2\/posts\/57263","targetHints":{"allow":["GET"]}}],"collection":[{"href":"https:\/\/www.egemtv.com\/index.php?rest_route=\/wp\/v2\/posts"}],"about":[{"href":"https:\/\/www.egemtv.com\/index.php?rest_route=\/wp\/v2\/types\/post"}],"author":[{"embeddable":true,"href":"https:\/\/www.egemtv.com\/index.php?rest_route=\/wp\/v2\/users\/1"}],"replies":[{"embeddable":true,"href":"https:\/\/www.egemtv.com\/index.php?rest_route=%2Fwp%2Fv2%2Fcomments&post=57263"}],"version-history":[{"count":1,"href":"https:\/\/www.egemtv.com\/index.php?rest_route=\/wp\/v2\/posts\/57263\/revisions"}],"predecessor-version":[{"id":57265,"href":"https:\/\/www.egemtv.com\/index.php?rest_route=\/wp\/v2\/posts\/57263\/revisions\/57265"}],"wp:featuredmedia":[{"embeddable":true,"href":"https:\/\/www.egemtv.com\/index.php?rest_route=\/wp\/v2\/media\/57264"}],"wp:attachment":[{"href":"https:\/\/www.egemtv.com\/index.php?rest_route=%2Fwp%2Fv2%2Fmedia&parent=57263"}],"wp:term":[{"taxonomy":"category","embeddable":true,"href":"https:\/\/www.egemtv.com\/index.php?rest_route=%2Fwp%2Fv2%2Fcategories&post=57263"},{"taxonomy":"post_tag","embeddable":true,"href":"https:\/\/www.egemtv.com\/index.php?rest_route=%2Fwp%2Fv2%2Ftags&post=57263"}],"curies":[{"name":"wp","href":"https:\/\/api.w.org\/{rel}","templated":true}]}}